{"id":1001,"date":"2015-04-27T10:50:21","date_gmt":"2015-04-27T14:50:21","guid":{"rendered":"http:\/\/ppgecpan.draconis.ufms.br\/?p=1001"},"modified":"2015-04-27T10:53:06","modified_gmt":"2015-04-27T14:53:06","slug":"edith-fany-jobbins-reforma-da-educacao-basica-e-o-programa-de-ampliacao-do-ensino-fundamental-de-nove-anos-no-municipio-de-corumba-ms","status":"publish","type":"post","link":"https:\/\/ppgecpan.ufms.br\/es\/edith-fany-jobbins-reforma-da-educacao-basica-e-o-programa-de-ampliacao-do-ensino-fundamental-de-nove-anos-no-municipio-de-corumba-ms\/","title":{"rendered":"EDITH FANY JOBBINS &#8211; Reforma da educa\u00e7\u00e3o b\u00e1sica e o programa de amplia\u00e7\u00e3o do Ensino Fundamental de nove anos no munic\u00edpio de Corumb\u00e1 &#8211; MS"},"content":{"rendered":"<p>RESUMO<\/p>\n<p>&nbsp;<\/p>\n<p>A Pesquisa aqui apresentada foi realizada com o objetivo central de analisar criticamente os processos de implanta\u00e7\u00e3o e implementa\u00e7\u00e3o do Programa de Amplia\u00e7\u00e3o do Ensino Fundamental de Nove Anos nas escolas do munic\u00edpio de Corumb\u00e1, MS. A quest\u00e3o \u00e9 compreender a materializa\u00e7\u00e3o deste Programa no contexto da Reforma da Educa\u00e7\u00e3o B\u00e1sica, buscando apreender em que medida as pol\u00edticas e pr\u00e1ticas do Estado central e local se coadunam com as demandas e questionamentos da sociedade. Para a realiza\u00e7\u00e3o da pesquisa adotou-se o materialismo hist\u00f3rico-dial\u00e9tico como op\u00e7\u00e3o te\u00f3rico-metodol\u00f3gica. Como procedimento metodol\u00f3gico utilizou-se a entrevista semiestruturada o que nos permitiu compreender o processo de amplia\u00e7\u00e3o em \u00e2mbito emp\u00edrico por meio da voz de 57 sujeitos participantes da pesquisa, entre diretores, coordenadores e professores da rede municipal de ensino. A partir dos estudos te\u00f3ricos empreendidos na pesquisa percebeu-se que as mudan\u00e7as na sociedade em raz\u00e3o da mundializa\u00e7\u00e3o do capital provocaram mudan\u00e7as no campo educacional. Os resultados da pesquisa em \u00e2mbito emp\u00edrico mostram que a pol\u00edtica amplia\u00e7\u00e3o no munic\u00edpio foi realizada de cima para baixo, sem as discuss\u00f5es necess\u00e1rias em rela\u00e7\u00e3o \u00e0s adapta\u00e7\u00f5es na estrutura f\u00edsica das escolas, sem investimentos na forma\u00e7\u00e3o continuada dos profissionais, bem como sem orienta\u00e7\u00f5es para a reelabora\u00e7\u00e3o da pr\u00e1tica pedag\u00f3gica dos professores, revelaram que o munic\u00edpio de Corumb\u00e1-MS, no processo de amplia\u00e7\u00e3o do ensino fundamental priorizou as quest\u00f5es legais e burocr\u00e1ticas, em detrimento das quest\u00f5es em \u00e2mbito pr\u00e1tico, conferindo ao Programa uma implementa\u00e7\u00e3o aparente. Tais resultados nos respaldam na afirma\u00e7\u00e3o de que o processo de amplia\u00e7\u00e3o do ensino fundamental no munic\u00edpio de Corumb\u00e1-MS, assim como nas esferas federal e estadual, antes de objetivar a melhoria na qualidade da educa\u00e7\u00e3o se configura com estrat\u00e9gias de conson\u00e2ncia com os ditames mundiais para a educa\u00e7\u00e3o.<\/p>\n<p><strong>\u00a0<\/strong><\/p>\n<p>Palavras-chave<strong>: <\/strong>Ensino Fundamental de Nove Anos. Reforma da Educa\u00e7\u00e3o B\u00e1sica. Corumb\u00e1-MS.<\/p>\n<ul>\n<li><a href=\"http:\/\/ppgecpan.draconis.ufms.br\/files\/2015\/04\/Disserta\u00e7\u00e3o-P\u00f3s-Defesa-Edith-Fany-Jobbins.pdf\" target=\"_blank\">DOWNLOAD<\/a><\/li>\n<\/ul>\n","protected":false},"excerpt":{"rendered":"<p>RESUMO &nbsp; A Pesquisa aqui apresentada foi realizada com o objetivo central de analisar criticamente os processos de implanta\u00e7\u00e3o e implementa\u00e7\u00e3o do Programa de Amplia\u00e7\u00e3o do Ensino Fundamental de Nove Anos nas escolas do munic\u00edpio de Corumb\u00e1, MS. A quest\u00e3o \u00e9 compreender a materializa\u00e7\u00e3o deste Programa no contexto da Reforma da Educa\u00e7\u00e3o B\u00e1sica, buscando apreender [&hellip;]<\/p>\n","protected":false},"author":1488,"featured_media":968,"comment_status":"closed","ping_status":"open","sticky":false,"template":"","format":"standard","meta":{"footnotes":""},"categories":[32,8,29],"tags":[],"coauthors":[],"class_list":["post-1001","post","type-post","status-publish","format-standard","has-post-thumbnail","hentry","category-32","category-dissertacoes","category-novidades"],"_links":{"self":[{"href":"https:\/\/ppgecpan.ufms.br\/es\/wp-json\/wp\/v2\/posts\/1001","targetHints":{"allow":["GET"]}}],"collection":[{"href":"https:\/\/ppgecpan.ufms.br\/es\/wp-json\/wp\/v2\/posts"}],"about":[{"href":"https:\/\/ppgecpan.ufms.br\/es\/wp-json\/wp\/v2\/types\/post"}],"author":[{"embeddable":true,"href":"https:\/\/ppgecpan.ufms.br\/es\/wp-json\/wp\/v2\/users\/1488"}],"replies":[{"embeddable":true,"href":"https:\/\/ppgecpan.ufms.br\/es\/wp-json\/wp\/v2\/comments?post=1001"}],"version-history":[{"count":2,"href":"https:\/\/ppgecpan.ufms.br\/es\/wp-json\/wp\/v2\/posts\/1001\/revisions"}],"predecessor-version":[{"id":1003,"href":"https:\/\/ppgecpan.ufms.br\/es\/wp-json\/wp\/v2\/posts\/1001\/revisions\/1003"}],"wp:featuredmedia":[{"embeddable":true,"href":"https:\/\/ppgecpan.ufms.br\/es\/wp-json\/wp\/v2\/media\/968"}],"wp:attachment":[{"href":"https:\/\/ppgecpan.ufms.br\/es\/wp-json\/wp\/v2\/media?parent=1001"}],"wp:term":[{"taxonomy":"category","embeddable":true,"href":"https:\/\/ppgecpan.ufms.br\/es\/wp-json\/wp\/v2\/categories?post=1001"},{"taxonomy":"post_tag","embeddable":true,"href":"https:\/\/ppgecpan.ufms.br\/es\/wp-json\/wp\/v2\/tags?post=1001"},{"taxonomy":"author","embeddable":true,"href":"https:\/\/ppgecpan.ufms.br\/es\/wp-json\/wp\/v2\/coauthors?post=1001"}],"curies":[{"name":"wp","href":"https:\/\/api.w.org\/{rel}","templated":true}]}}