{"id":1023,"date":"2015-05-23T11:01:03","date_gmt":"2015-05-23T15:01:03","guid":{"rendered":"http:\/\/ppgecpan.draconis.ufms.br\/?p=1023"},"modified":"2015-05-23T11:03:17","modified_gmt":"2015-05-23T15:03:17","slug":"elzanir-leandro-bandeira-da-silva-monteiro-historia-e-cultura-afro-brasileira-nos-livros-didaticos-de-historia-dos-anos-iniciais-do-ensino-fundamental-de-ladario-ms","status":"publish","type":"post","link":"https:\/\/ppgecpan.ufms.br\/es\/elzanir-leandro-bandeira-da-silva-monteiro-historia-e-cultura-afro-brasileira-nos-livros-didaticos-de-historia-dos-anos-iniciais-do-ensino-fundamental-de-ladario-ms\/","title":{"rendered":"ELZANIR LEANDRO BANDEIRA DA SILVA MONTEIRO &#8211; Hist\u00f3ria e cultura afro-brasileira nos livros did\u00e1ticos de hist\u00f3ria dos anos iniciais do Ensino Fundamental de Lad\u00e1rio-MS"},"content":{"rendered":"<p>Essa pesquisa teve como finalidade analisar o retrato do negro nos livros did\u00e1ticos de Hist\u00f3ria e Hist\u00f3ria Regional do 4\u00ba e 5\u00ba anos do Ensino Fundamental adotados pelas escolas da rede municipal de Lad\u00e1rio-MS. Para tanto, buscou-se responder \u00e0s seguintes quest\u00f5es: qual a abordagem apresentada nos livros did\u00e1ticos referentes \u00e0 pessoa negra? Como esses livros did\u00e1ticos tratam das quest\u00f5es referentes \u00e0 discrimina\u00e7\u00e3o e\/ou preconceito racial? A partir da abordagem de natureza qualitativa e documental, a pesquisa contou com o estudo acerca da Lei 10.639\/2003, do Edital do Plano Nacional do Livro Did\u00e1tico, das Diretrizes Nacionais para a Educa\u00e7\u00e3o das Rela\u00e7\u00f5es \u00c9tnico-raciais, dentre outros documentos, para fundamentar a discuss\u00e3o sobre a tem\u00e1tica investigada. Tamb\u00e9m contou com o levantamento e sele\u00e7\u00e3o de livros did\u00e1ticos de Hist\u00f3ria e Hist\u00f3ria Regional adotados nas escolas da rede municipal de Lad\u00e1rio-MS no 4\u00ba e 5\u00ba anos do Ensino Fundamental, para fins de identifica\u00e7\u00e3o e an\u00e1lise dos textos e imagens que fazem men\u00e7\u00e3o \u00e0 ra\u00e7a negra. Com o estudo, refletiu-se n\u00e3o somente como a pessoa negra aparece no livro did\u00e1tico, mas apontaram-se as v\u00e1rias tens\u00f5es que permeiam essa ocorr\u00eancia, desde os acontecimentos hist\u00f3ricos e seus contextos at\u00e9 a contemporaneidade.<\/p>\n<p><strong>\u00a0 \u00a0 \u00a0 \u00a0 \u00a0 \u00a0 \u00a0 \u00a0 \u00a0 \u00a0 \u00a0 \u00a0 \u00a0 \u00a0 \u00a0 \u00a0 \u00a0 \u00a0 \u00a0 \u00a0 \u00a0 \u00a0 \u00a0 \u00a0 \u00a0 \u00a0 \u00a0 \u00a0 \u00a0 \u00a0 \u00a0 \u00a0 \u00a0 \u00a0 \u00a0 \u00a0 \u00a0 \u00a0 \u00a0 \u00a0 \u00a0 \u00a0 \u00a0 \u00a0 \u00a0 \u00a0 \u00a0 \u00a0 \u00a0 \u00a0\u00a0<\/strong><\/p>\n<p>Palavras-chave: Negros. Hist\u00f3ria Regional. Livros did\u00e1ticos. Lei 10.639\/2003.<\/p>\n<ul>\n<li><a href=\"http:\/\/ppgecpan.draconis.ufms.br\/files\/2015\/05\/DISSERTACAO-_ELZANIR-LEANDRO-MONTEIRO_FINAL.pdf\" target=\"_blank\">DOWNLOAD<\/a><\/li>\n<\/ul>\n","protected":false},"excerpt":{"rendered":"<p>Essa pesquisa teve como finalidade analisar o retrato do negro nos livros did\u00e1ticos de Hist\u00f3ria e Hist\u00f3ria Regional do 4\u00ba e 5\u00ba anos do Ensino Fundamental adotados pelas escolas da rede municipal de Lad\u00e1rio-MS. Para tanto, buscou-se responder \u00e0s seguintes quest\u00f5es: qual a abordagem apresentada nos livros did\u00e1ticos referentes \u00e0 pessoa negra? Como esses livros [&hellip;]<\/p>\n","protected":false},"author":1488,"featured_media":0,"comment_status":"closed","ping_status":"open","sticky":false,"template":"","format":"standard","meta":{"footnotes":""},"categories":[32,29],"tags":[],"coauthors":[],"class_list":["post-1023","post","type-post","status-publish","format-standard","hentry","category-32","category-novidades"],"_links":{"self":[{"href":"https:\/\/ppgecpan.ufms.br\/es\/wp-json\/wp\/v2\/posts\/1023","targetHints":{"allow":["GET"]}}],"collection":[{"href":"https:\/\/ppgecpan.ufms.br\/es\/wp-json\/wp\/v2\/posts"}],"about":[{"href":"https:\/\/ppgecpan.ufms.br\/es\/wp-json\/wp\/v2\/types\/post"}],"author":[{"embeddable":true,"href":"https:\/\/ppgecpan.ufms.br\/es\/wp-json\/wp\/v2\/users\/1488"}],"replies":[{"embeddable":true,"href":"https:\/\/ppgecpan.ufms.br\/es\/wp-json\/wp\/v2\/comments?post=1023"}],"version-history":[{"count":1,"href":"https:\/\/ppgecpan.ufms.br\/es\/wp-json\/wp\/v2\/posts\/1023\/revisions"}],"predecessor-version":[{"id":1024,"href":"https:\/\/ppgecpan.ufms.br\/es\/wp-json\/wp\/v2\/posts\/1023\/revisions\/1024"}],"wp:attachment":[{"href":"https:\/\/ppgecpan.ufms.br\/es\/wp-json\/wp\/v2\/media?parent=1023"}],"wp:term":[{"taxonomy":"category","embeddable":true,"href":"https:\/\/ppgecpan.ufms.br\/es\/wp-json\/wp\/v2\/categories?post=1023"},{"taxonomy":"post_tag","embeddable":true,"href":"https:\/\/ppgecpan.ufms.br\/es\/wp-json\/wp\/v2\/tags?post=1023"},{"taxonomy":"author","embeddable":true,"href":"https:\/\/ppgecpan.ufms.br\/es\/wp-json\/wp\/v2\/coauthors?post=1023"}],"curies":[{"name":"wp","href":"https:\/\/api.w.org\/{rel}","templated":true}]}}