{"id":1061,"date":"2015-06-22T14:59:12","date_gmt":"2015-06-22T18:59:12","guid":{"rendered":"http:\/\/ppgecpan.draconis.ufms.br\/?p=1061"},"modified":"2016-02-19T15:59:25","modified_gmt":"2016-02-19T19:59:25","slug":"defesa-oral-do-anteprojeto-e-analise-de-curriculo-selecao-do-mestrado-em-educacao-2015-2","status":"publish","type":"post","link":"https:\/\/ppgecpan.ufms.br\/es\/defesa-oral-do-anteprojeto-e-analise-de-curriculo-selecao-do-mestrado-em-educacao-2015-2\/","title":{"rendered":"Defesa oral do anteprojeto e an\u00e1lise de curr\u00edculo &#8211; Sele\u00e7\u00e3o do Mestrado em Educa\u00e7\u00e3o (2015.2)"},"content":{"rendered":"<p>&nbsp;<\/p>\n<p>Para acessar a informa\u00e7\u00f5es sobre o dia e hor\u00e1rio da defesa oral do anteprojeto e an\u00e1lise de curr\u00edculo\u00a0de cada\u00a0um dos candidatos aprovados para a terceira fase da sele\u00e7\u00e3o do Mestrado em Educa\u00e7\u00e3o (2015.2), clique <a href=\"http:\/\/ppgecpan.draconis.ufms.br\/files\/2015\/06\/Divulga\u00e7\u00e3o-dos-dias-e-hor\u00e1rios-das-bancas-de-sele\u00e7\u00e3o.pdf\" target=\"_blank\">aqui<\/a>.<\/p>\n","protected":false},"excerpt":{"rendered":"<p>&nbsp; Para acessar a informa\u00e7\u00f5es sobre o dia e hor\u00e1rio da defesa oral do anteprojeto e an\u00e1lise de curr\u00edculo\u00a0de cada\u00a0um dos candidatos aprovados para a terceira fase da sele\u00e7\u00e3o do Mestrado em Educa\u00e7\u00e3o (2015.2), clique aqui.<\/p>\n","protected":false},"author":1488,"featured_media":0,"comment_status":"closed","ping_status":"open","sticky":false,"template":"","format":"standard","meta":{"footnotes":""},"categories":[1],"tags":[],"coauthors":[],"class_list":["post-1061","post","type-post","status-publish","format-standard","hentry","category-noticias"],"_links":{"self":[{"href":"https:\/\/ppgecpan.ufms.br\/es\/wp-json\/wp\/v2\/posts\/1061","targetHints":{"allow":["GET"]}}],"collection":[{"href":"https:\/\/ppgecpan.ufms.br\/es\/wp-json\/wp\/v2\/posts"}],"about":[{"href":"https:\/\/ppgecpan.ufms.br\/es\/wp-json\/wp\/v2\/types\/post"}],"author":[{"embeddable":true,"href":"https:\/\/ppgecpan.ufms.br\/es\/wp-json\/wp\/v2\/users\/1488"}],"replies":[{"embeddable":true,"href":"https:\/\/ppgecpan.ufms.br\/es\/wp-json\/wp\/v2\/comments?post=1061"}],"version-history":[{"count":1,"href":"https:\/\/ppgecpan.ufms.br\/es\/wp-json\/wp\/v2\/posts\/1061\/revisions"}],"predecessor-version":[{"id":1062,"href":"https:\/\/ppgecpan.ufms.br\/es\/wp-json\/wp\/v2\/posts\/1061\/revisions\/1062"}],"wp:attachment":[{"href":"https:\/\/ppgecpan.ufms.br\/es\/wp-json\/wp\/v2\/media?parent=1061"}],"wp:term":[{"taxonomy":"category","embeddable":true,"href":"https:\/\/ppgecpan.ufms.br\/es\/wp-json\/wp\/v2\/categories?post=1061"},{"taxonomy":"post_tag","embeddable":true,"href":"https:\/\/ppgecpan.ufms.br\/es\/wp-json\/wp\/v2\/tags?post=1061"},{"taxonomy":"author","embeddable":true,"href":"https:\/\/ppgecpan.ufms.br\/es\/wp-json\/wp\/v2\/coauthors?post=1061"}],"curies":[{"name":"wp","href":"https:\/\/api.w.org\/{rel}","templated":true}]}}