{"id":1072,"date":"2015-07-01T16:46:14","date_gmt":"2015-07-01T20:46:14","guid":{"rendered":"http:\/\/ppgecpan.draconis.ufms.br\/?p=1072"},"modified":"2016-02-19T15:59:13","modified_gmt":"2016-02-19T19:59:13","slug":"resultado-final-selecao-para-o-mestrado-em-educacao-2015-2","status":"publish","type":"post","link":"https:\/\/ppgecpan.ufms.br\/es\/resultado-final-selecao-para-o-mestrado-em-educacao-2015-2\/","title":{"rendered":"Resultado Final: Sele\u00e7\u00e3o para o Mestrado em Educa\u00e7\u00e3o 2015.2"},"content":{"rendered":"<p>&nbsp;<\/p>\n<p>Para acessar o Resultado Final do Processo Seletivo para o Mestrado em Educa\u00e7\u00e3o (2015.2), clique <a href=\"http:\/\/ppgecpan.draconis.ufms.br\/files\/2015\/07\/Resultado-Final-da-Sele\u00e7\u00e3o-PPGE.CPAN_.UFMS-2015.2.pdf\" target=\"_blank\">aqui<\/a>.<\/p>\n","protected":false},"excerpt":{"rendered":"<p>&nbsp; Para acessar o Resultado Final do Processo Seletivo para o Mestrado em Educa\u00e7\u00e3o (2015.2), clique aqui.<\/p>\n","protected":false},"author":1488,"featured_media":0,"comment_status":"closed","ping_status":"open","sticky":false,"template":"","format":"standard","meta":{"footnotes":""},"categories":[1],"tags":[],"coauthors":[],"class_list":["post-1072","post","type-post","status-publish","format-standard","hentry","category-noticias"],"_links":{"self":[{"href":"https:\/\/ppgecpan.ufms.br\/es\/wp-json\/wp\/v2\/posts\/1072","targetHints":{"allow":["GET"]}}],"collection":[{"href":"https:\/\/ppgecpan.ufms.br\/es\/wp-json\/wp\/v2\/posts"}],"about":[{"href":"https:\/\/ppgecpan.ufms.br\/es\/wp-json\/wp\/v2\/types\/post"}],"author":[{"embeddable":true,"href":"https:\/\/ppgecpan.ufms.br\/es\/wp-json\/wp\/v2\/users\/1488"}],"replies":[{"embeddable":true,"href":"https:\/\/ppgecpan.ufms.br\/es\/wp-json\/wp\/v2\/comments?post=1072"}],"version-history":[{"count":1,"href":"https:\/\/ppgecpan.ufms.br\/es\/wp-json\/wp\/v2\/posts\/1072\/revisions"}],"predecessor-version":[{"id":1073,"href":"https:\/\/ppgecpan.ufms.br\/es\/wp-json\/wp\/v2\/posts\/1072\/revisions\/1073"}],"wp:attachment":[{"href":"https:\/\/ppgecpan.ufms.br\/es\/wp-json\/wp\/v2\/media?parent=1072"}],"wp:term":[{"taxonomy":"category","embeddable":true,"href":"https:\/\/ppgecpan.ufms.br\/es\/wp-json\/wp\/v2\/categories?post=1072"},{"taxonomy":"post_tag","embeddable":true,"href":"https:\/\/ppgecpan.ufms.br\/es\/wp-json\/wp\/v2\/tags?post=1072"},{"taxonomy":"author","embeddable":true,"href":"https:\/\/ppgecpan.ufms.br\/es\/wp-json\/wp\/v2\/coauthors?post=1072"}],"curies":[{"name":"wp","href":"https:\/\/api.w.org\/{rel}","templated":true}]}}