{"id":1087,"date":"2015-08-17T18:19:56","date_gmt":"2015-08-17T22:19:56","guid":{"rendered":"http:\/\/ppgecpan.draconis.ufms.br\/?p=1087"},"modified":"2015-11-25T11:21:28","modified_gmt":"2015-11-25T15:21:28","slug":"o-ppgecpan-convida-para-mesa-redonda-crise-e-transformacao-no-ensino-superior-em-portugal","status":"publish","type":"post","link":"https:\/\/ppgecpan.ufms.br\/es\/o-ppgecpan-convida-para-mesa-redonda-crise-e-transformacao-no-ensino-superior-em-portugal\/","title":{"rendered":"O PPGE\/CPAN convida para mesa-redonda: Crise e transforma\u00e7\u00e3o no Ensino Superior em Portugal"},"content":{"rendered":"<p>&nbsp;<\/p>\n<p>O PPGE\/CPAN convida para mesa-redonda: &#8220;Crise e transforma\u00e7\u00e3o no Ensino Superior em Portugal&#8221; no dia 19\/08\/2015, \u00e0s 19h30.<\/p>\n<p>Para maiores informa\u00e7\u00f5es clique <a href=\"http:\/\/ppgecpan.draconis.ufms.br\/files\/2015\/08\/Seminario_Portugueses.jpg\" target=\"_blank\">aqui<\/a>.<\/p>\n","protected":false},"excerpt":{"rendered":"<p>&nbsp; O PPGE\/CPAN convida para mesa-redonda: &#8220;Crise e transforma\u00e7\u00e3o no Ensino Superior em Portugal&#8221; no dia 19\/08\/2015, \u00e0s 19h30. Para maiores informa\u00e7\u00f5es clique aqui.<\/p>\n","protected":false},"author":2660,"featured_media":1089,"comment_status":"closed","ping_status":"open","sticky":false,"template":"","format":"standard","meta":{"footnotes":""},"categories":[10,38,1],"tags":[],"coauthors":[],"class_list":["post-1087","post","type-post","status-publish","format-standard","has-post-thumbnail","hentry","category-eventos","category-eventos-internos","category-noticias"],"_links":{"self":[{"href":"https:\/\/ppgecpan.ufms.br\/es\/wp-json\/wp\/v2\/posts\/1087","targetHints":{"allow":["GET"]}}],"collection":[{"href":"https:\/\/ppgecpan.ufms.br\/es\/wp-json\/wp\/v2\/posts"}],"about":[{"href":"https:\/\/ppgecpan.ufms.br\/es\/wp-json\/wp\/v2\/types\/post"}],"author":[{"embeddable":true,"href":"https:\/\/ppgecpan.ufms.br\/es\/wp-json\/wp\/v2\/users\/2660"}],"replies":[{"embeddable":true,"href":"https:\/\/ppgecpan.ufms.br\/es\/wp-json\/wp\/v2\/comments?post=1087"}],"version-history":[{"count":3,"href":"https:\/\/ppgecpan.ufms.br\/es\/wp-json\/wp\/v2\/posts\/1087\/revisions"}],"predecessor-version":[{"id":1091,"href":"https:\/\/ppgecpan.ufms.br\/es\/wp-json\/wp\/v2\/posts\/1087\/revisions\/1091"}],"wp:featuredmedia":[{"embeddable":true,"href":"https:\/\/ppgecpan.ufms.br\/es\/wp-json\/wp\/v2\/media\/1089"}],"wp:attachment":[{"href":"https:\/\/ppgecpan.ufms.br\/es\/wp-json\/wp\/v2\/media?parent=1087"}],"wp:term":[{"taxonomy":"category","embeddable":true,"href":"https:\/\/ppgecpan.ufms.br\/es\/wp-json\/wp\/v2\/categories?post=1087"},{"taxonomy":"post_tag","embeddable":true,"href":"https:\/\/ppgecpan.ufms.br\/es\/wp-json\/wp\/v2\/tags?post=1087"},{"taxonomy":"author","embeddable":true,"href":"https:\/\/ppgecpan.ufms.br\/es\/wp-json\/wp\/v2\/coauthors?post=1087"}],"curies":[{"name":"wp","href":"https:\/\/api.w.org\/{rel}","templated":true}]}}