{"id":1192,"date":"2016-01-12T07:00:55","date_gmt":"2016-01-12T11:00:55","guid":{"rendered":"http:\/\/ppgecpan.draconis.ufms.br\/?p=1192"},"modified":"2016-03-13T19:38:02","modified_gmt":"2016-03-13T23:38:02","slug":"revista-educacao-puc-campinas","status":"publish","type":"post","link":"https:\/\/ppgecpan.ufms.br\/es\/revista-educacao-puc-campinas\/","title":{"rendered":"Revista Educa\u00e7\u00e3o PUC-Campinas"},"content":{"rendered":"<p>Para acessar o\u00a0edital de chamada solicitando envio de artigos para a Revista de Educa\u00e7\u00e3o \u00a0PUC-Campinas, tanto para a\u00a0Se\u00e7\u00e3o Tem\u00e1tica (Racismo e Educa\u00e7\u00e3o Escolar), quanto para\u00a0Se\u00e7\u00e3o de Artigos de Fluxo Cont\u00ednuo, clique\u00a0<a href=\"http:\/\/ppgecpan.draconis.ufms.br\/files\/2015\/11\/Racismo-e-Educacao-Escolar.pdf\" target=\"_blank\">aqui<\/a>.<\/p>\n","protected":false},"excerpt":{"rendered":"<p>Para acessar o\u00a0edital de chamada solicitando envio de artigos para a Revista de Educa\u00e7\u00e3o \u00a0PUC-Campinas, tanto para a\u00a0Se\u00e7\u00e3o Tem\u00e1tica (Racismo e Educa\u00e7\u00e3o Escolar), quanto para\u00a0Se\u00e7\u00e3o de Artigos de Fluxo Cont\u00ednuo, clique\u00a0aqui.<\/p>\n","protected":false},"author":2660,"featured_media":1636,"comment_status":"closed","ping_status":"open","sticky":false,"template":"","format":"standard","meta":{"footnotes":""},"categories":[37,29],"tags":[],"coauthors":[],"class_list":["post-1192","post","type-post","status-publish","format-standard","has-post-thumbnail","hentry","category-calls-for-publication","category-novidades"],"_links":{"self":[{"href":"https:\/\/ppgecpan.ufms.br\/es\/wp-json\/wp\/v2\/posts\/1192","targetHints":{"allow":["GET"]}}],"collection":[{"href":"https:\/\/ppgecpan.ufms.br\/es\/wp-json\/wp\/v2\/posts"}],"about":[{"href":"https:\/\/ppgecpan.ufms.br\/es\/wp-json\/wp\/v2\/types\/post"}],"author":[{"embeddable":true,"href":"https:\/\/ppgecpan.ufms.br\/es\/wp-json\/wp\/v2\/users\/2660"}],"replies":[{"embeddable":true,"href":"https:\/\/ppgecpan.ufms.br\/es\/wp-json\/wp\/v2\/comments?post=1192"}],"version-history":[{"count":1,"href":"https:\/\/ppgecpan.ufms.br\/es\/wp-json\/wp\/v2\/posts\/1192\/revisions"}],"predecessor-version":[{"id":1193,"href":"https:\/\/ppgecpan.ufms.br\/es\/wp-json\/wp\/v2\/posts\/1192\/revisions\/1193"}],"wp:featuredmedia":[{"embeddable":true,"href":"https:\/\/ppgecpan.ufms.br\/es\/wp-json\/wp\/v2\/media\/1636"}],"wp:attachment":[{"href":"https:\/\/ppgecpan.ufms.br\/es\/wp-json\/wp\/v2\/media?parent=1192"}],"wp:term":[{"taxonomy":"category","embeddable":true,"href":"https:\/\/ppgecpan.ufms.br\/es\/wp-json\/wp\/v2\/categories?post=1192"},{"taxonomy":"post_tag","embeddable":true,"href":"https:\/\/ppgecpan.ufms.br\/es\/wp-json\/wp\/v2\/tags?post=1192"},{"taxonomy":"author","embeddable":true,"href":"https:\/\/ppgecpan.ufms.br\/es\/wp-json\/wp\/v2\/coauthors?post=1192"}],"curies":[{"name":"wp","href":"https:\/\/api.w.org\/{rel}","templated":true}]}}