{"id":1194,"date":"2015-11-28T12:00:39","date_gmt":"2015-11-28T16:00:39","guid":{"rendered":"http:\/\/ppgecpan.draconis.ufms.br\/?p=1194"},"modified":"2016-03-13T17:22:30","modified_gmt":"2016-03-13T21:22:30","slug":"congressos-2015-e-2016","status":"publish","type":"post","link":"https:\/\/ppgecpan.ufms.br\/es\/congressos-2015-e-2016\/","title":{"rendered":"Congressos com submiss\u00f5es abertas 2016"},"content":{"rendered":"<table width=\"1305\">\n<tbody>\n<tr>\n<td width=\"360\"><strong>CONGRESSOS <\/strong><\/td>\n<td width=\"136\"><strong>DATA<\/strong><\/td>\n<td width=\"164\"><strong>LOCAL<\/strong><\/td>\n<td width=\"164\"><strong>RESUMOS<\/strong><\/td>\n<td width=\"482\"><strong>INFORMA\u00c7\u00d5ES<\/strong><\/td>\n<\/tr>\n<tr>\n<td width=\"360\">Colloque transitions et socialisations au cours de la petite enfance<\/td>\n<td width=\"136\"><strong>12 a 14 de novembro<\/strong><\/td>\n<td width=\"164\">Paris (Fran\u00e7a)<\/td>\n<td width=\"164\"><strong><em>______<\/em><\/strong><\/td>\n<td width=\"482\"><a href=\"http:\/\/www.univ-paris13.fr\/experice\/evenement\/colloque-transitions-et-socialisations-au-cours-de-la-petite-enfance\/\">http:\/\/www.univ-paris13.fr\/experice\/evenement\/colloque-transitions-et-socialisations-au-cours-de-la-petite-enfance\/<\/a><\/td>\n<\/tr>\n<tr>\n<td width=\"360\">10\u00ba Semin\u00e1rio em Desenvolvimento Motor da Crian\u00e7a<\/td>\n<td width=\"136\"><strong>13 e 14 de novembro<\/strong><\/td>\n<td width=\"164\">Bragan\u00e7a (Portugal)<\/td>\n<td width=\"164\"><strong><em>______<\/em><\/strong><\/td>\n<td width=\"482\"><a href=\"http:\/\/10sdmc.wix.com\/10sdmc\">http:\/\/10sdmc.wix.com\/10sdmc<\/a><\/td>\n<\/tr>\n<tr>\n<td width=\"360\">Workshop Feminism and the Politics of Childhood: Friends or foes?<\/td>\n<td width=\"136\"><strong>16 e 17 de novembro<\/strong><\/td>\n<td width=\"164\">London (Reino Unido)<\/td>\n<td width=\"164\"><strong><em>______<\/em><\/strong><\/td>\n<td width=\"482\"><\/td>\n<\/tr>\n<tr>\n<td width=\"360\">I Congresso Internacional em Sa\u00fade da Crian\u00e7a: &#8220;Refletir o presente&#8230; Projetar o futuro&#8221;<\/td>\n<td width=\"136\"><strong>19 e 20 de novembro<\/strong><\/td>\n<td width=\"164\">Braga (Portugal)<\/td>\n<td width=\"164\"><strong><em>______<\/em><\/strong><\/td>\n<td width=\"482\"><a href=\"http:\/\/ciiscrianca.wix.com\/congresso\">http:\/\/ciiscrianca.wix.com\/congresso<\/a><\/td>\n<\/tr>\n<tr>\n<td width=\"360\">VIII Conference on Cultural Studies: &#8220;Borders&#8221;<\/td>\n<td width=\"136\"><strong>3 a 4 de dezembro<\/strong><\/td>\n<td width=\"164\">Oulu (Finl\u00e2ndia)<\/td>\n<td width=\"164\"><strong><em>______<\/em><\/strong><\/td>\n<td width=\"482\"><a href=\"http:\/\/kultut.fi\/\">http:\/\/kultut.fi\/<\/a><\/td>\n<\/tr>\n<tr>\n<td width=\"360\">Confer\u00eancia internacional &#8220;A Educa\u00e7\u00e3o comparada para al\u00e9m dos n\u00fameros: contextos locais, realidades nacionais e processos transnacionais&#8221;<\/td>\n<td width=\"136\"><strong>25 a 27 de janeiro<\/strong><\/td>\n<td width=\"164\">Lisboa (Portugal)<\/td>\n<td width=\"164\"><strong><em>______<\/em><\/strong><\/td>\n<td width=\"482\"><a href=\"http:\/\/www.spce-conference2016.pt\/1\/\">http:\/\/www.spce-conference2016.pt\/1\/<\/a><\/td>\n<\/tr>\n<tr>\n<td width=\"360\">45th Annual Meeting of the Society for Cross-Cultural Research<\/td>\n<td width=\"136\"><strong>17 a 20 de fevereiro<\/strong><\/td>\n<td width=\"164\">Portland (EUA)<\/td>\n<td width=\"164\"><strong><em>______<\/em><\/strong><\/td>\n<td width=\"482\"><a href=\"http:\/\/sccr.vancouver.wsu.edu\/index.html\">http:\/\/sccr.vancouver.wsu.edu\/index.html<\/a><\/td>\n<\/tr>\n<tr>\n<td width=\"360\">Col\u00f3quio Internacional Crian\u00e7as, Cidade e Cidadania<\/td>\n<td width=\"136\"><strong>17 e 18 de mar\u00e7o<\/strong><\/td>\n<td width=\"164\">Guimar\u00e3es (Portugal)<\/td>\n<td width=\"164\"><strong><em>At\u00e9 30 de novembro<\/em><\/strong><\/td>\n<td width=\"482\"><a href=\"http:\/\/www.adcl.org.pt\/ciccc\/\">http:\/\/www.adcl.org.pt\/ciccc\/<\/a><\/td>\n<\/tr>\n<tr>\n<td width=\"360\">Association of American Geographers Annual Meeting &#8211; Childist Landscapes: Geographies of child abuse and neglect, and the maltreatment of young people<\/td>\n<td width=\"136\"><strong>29 de mar\u00e7o a 2 de abril<\/strong><\/td>\n<td width=\"164\">San Francisco (EUA)<\/td>\n<td width=\"164\"><strong><em>______<\/em><\/strong><\/td>\n<td width=\"482\"><\/td>\n<\/tr>\n<tr>\n<td width=\"360\">Global Summit on Childhood 2016<\/td>\n<td width=\"136\"><strong>31 de mar\u00e7o a 3 de abril<\/strong><\/td>\n<td width=\"164\">San Jos\u00e9 (Costa Rica)<\/td>\n<td width=\"164\"><strong><em>______<\/em><\/strong><\/td>\n<td width=\"482\"><a href=\"http:\/\/www.acei.org\/programs-events\/summit.html\">http:\/\/www.acei.org\/programs-events\/summit.html<\/a><\/td>\n<\/tr>\n<tr>\n<td width=\"360\">3rd Graduate Student Conference &#8211; Reimagining the Child: Next Steps in the Study of Childhood(s)<\/td>\n<td width=\"136\"><strong>22 e 23 abril<\/strong><\/td>\n<td width=\"164\">New Jersey (EUA)<\/td>\n<td width=\"164\"><strong><em>At\u00e9 20 de dezembro<\/em><\/strong><\/td>\n<td width=\"482\"><a href=\"https:\/\/rulinked.camden.rutgers.edu\/organization\/csgs\/calendar\/details\/765777\">https:\/\/rulinked.camden.rutgers.edu\/organization\/csgs\/calendar\/details\/765777<\/a><\/td>\n<\/tr>\n<tr>\n<td width=\"360\">7th Child and Teen Consumption Conference<\/td>\n<td width=\"136\"><strong>27 a 29 de abril<\/strong><\/td>\n<td width=\"164\">Aalborg (Dinamarca)<\/td>\n<td width=\"164\"><strong><em>______<\/em><\/strong><\/td>\n<td width=\"482\"><a href=\"http:\/\/www.en.cgs.aau.dk\/ctc-2016\">http:\/\/www.en.cgs.aau.dk\/ctc-2016#<\/a><\/td>\n<\/tr>\n<tr>\n<td width=\"360\">9\u00b0 Encuentro Internacional de Educaci\u00f3n Infantil: &#8220;El cuerpo en juego en la educaci\u00f3n infantil&#8221;<\/td>\n<td width=\"136\"><strong>6 a 8 de maio<\/strong><\/td>\n<td width=\"164\">Buenos Aires (Argentina)<\/td>\n<td width=\"164\"><strong><em>sem informa\u00e7\u00e3o<\/em><\/strong><\/td>\n<td width=\"482\"><a href=\"http:\/\/omep.org.ar\/staticpage\/9-encuentro-internacional-2016\/\">http:\/\/omep.org.ar\/staticpage\/9-encuentro-internacional-2016\/<\/a><\/td>\n<\/tr>\n<tr>\n<td width=\"360\">4th International Congress of Educational Sciences and Development<\/td>\n<td width=\"136\"><strong>23 a 25 de junho<\/strong><\/td>\n<td width=\"164\">Santiago de Compostela (Espanha)<\/td>\n<td width=\"164\"><strong><em>At\u00e9 9 de novembro<\/em><\/strong><\/td>\n<td width=\"482\"><\/td>\n<\/tr>\n<tr>\n<td width=\"360\">8\u00ba Congreso Internacional: &#8220;Tiempos posthegem\u00f3nicos: sociedad, cultura y pol\u00edtica en Am\u00e9rica Latina&#8221;<\/td>\n<td width=\"136\"><strong>28 de junho a 1 de julho<\/strong><\/td>\n<td width=\"164\">Salamanca (Espanha)<\/td>\n<td width=\"164\"><strong><em>At\u00e9 1 de mar\u00e7o<\/em><\/strong><\/td>\n<td width=\"482\"><a href=\"http:\/\/ceisal2016.usal.es\/es\/\">http:\/\/ceisal2016.usal.es\/es\/<\/a><\/td>\n<\/tr>\n<tr>\n<td width=\"360\">International Society on Early Intervention Conference<\/td>\n<td width=\"136\"><strong>8 a 10 de junho<\/strong><\/td>\n<td width=\"164\">Stockholm (Su\u00e9cia)<\/td>\n<td width=\"164\"><strong><em>______<\/em><\/strong><\/td>\n<td width=\"482\"><a href=\"https:\/\/depts.washington.edu\/isei\/2016conf.html\">https:\/\/depts.washington.edu\/isei\/2016conf.html<\/a><\/td>\n<\/tr>\n<tr>\n<td width=\"360\">XVII simp\u00f3sio da International Organization for Science and Technology Education<\/td>\n<td width=\"136\"><strong>11 a 16 de julho<\/strong><\/td>\n<td width=\"164\">Braga (Portugal)<\/td>\n<td width=\"164\"><strong><em>At\u00e9 11 de janeiro<\/em><\/strong><\/td>\n<td width=\"482\"><a href=\"http:\/\/www.eventos.ciec-uminho.org\/ioste2016\/\">http:\/\/www.eventos.ciec-uminho.org\/ioste2016\/<\/a><\/td>\n<\/tr>\n<tr>\n<td width=\"360\">Congr\u00e8s AISLF 2016<\/td>\n<td width=\"136\"><strong>4 a 8 de julho<\/strong><\/td>\n<td width=\"164\">Montr\u00e9al (Canad\u00e1)<\/td>\n<td width=\"164\"><strong><em>At\u00e9 15 de janeiro<\/em><\/strong><\/td>\n<td width=\"482\"><a href=\"http:\/\/congres2016.aislf.org\/pages\/index.php\">http:\/\/congres2016.aislf.org\/pages\/index.php<\/a><\/td>\n<\/tr>\n<tr>\n<td width=\"360\">3rd ISA Forum of Sociology<\/td>\n<td width=\"136\"><strong>10 a 14 de julho<\/strong><\/td>\n<td width=\"164\">Vienna (Austria)<\/td>\n<td width=\"164\"><strong><em>______<\/em><\/strong><\/td>\n<td width=\"482\"><a href=\"http:\/\/www.isa-sociology.org\/forum-2016\/\">http:\/\/www.isa-sociology.org\/forum-2016\/<\/a><\/td>\n<\/tr>\n<tr>\n<td width=\"360\">5\u00ba Congresso Ibero-Americano em Investiga\u00e7\u00e3o Qualitativa<\/td>\n<td width=\"136\"><strong>12 a 15 de julho<\/strong><\/td>\n<td width=\"164\">Porto (Portugal)<\/td>\n<td width=\"164\"><strong><em>At\u00e9 6 de mar\u00e7o<\/em><\/strong><\/td>\n<td width=\"482\"><a href=\"http:\/\/ciaiq.org\/?lang=pt\">http:\/\/ciaiq.org\/?lang=pt<\/a><\/td>\n<\/tr>\n<tr>\n<td width=\"360\">XII Encuentro Internacional de Educaci\u00f3n Inicial y Preescolar<\/td>\n<td width=\"136\"><strong>12 a 15 de julho<\/strong><\/td>\n<td width=\"164\">Habana (Cuba)<\/td>\n<td width=\"164\"><strong><em>At\u00e9 30 de maio<\/em><\/strong><\/td>\n<td width=\"482\"><a href=\"http:\/\/omep.org.ar\/article\/encuentro-educacion-cuba-2016\/\">http:\/\/omep.org.ar\/article\/encuentro-educacion-cuba-2016\/<\/a><\/td>\n<\/tr>\n<tr>\n<td width=\"360\">Children and War: Past and Present<\/td>\n<td width=\"136\"><strong>13 a 15 de julho<\/strong><\/td>\n<td width=\"164\">Salzburg (Austria)<\/td>\n<td width=\"164\"><strong><em>At\u00e9 31 de outubro<\/em><\/strong><\/td>\n<td width=\"482\"><a href=\"http:\/\/www.ehri-project.eu\/cfp-children-and-war-past-and-present-july-2016\">http:\/\/www.ehri-project.eu\/cfp-children-and-war-past-and-present-july-2016<\/a><\/td>\n<\/tr>\n<tr>\n<td width=\"360\">III Simp\u00f3sio Luso- Brasileiro em Estudos da Crian\u00e7a &#8211; Travessias e Travessuras nos Estudos da Crian\u00e7a<\/td>\n<td width=\"136\"><strong>21 e 22 de julho<\/strong><\/td>\n<td width=\"164\">Porto (Portugal)<\/td>\n<td width=\"164\"><strong><em>At\u00e9 31 de dezembro<\/em><\/strong><\/td>\n<td width=\"482\"><a href=\"http:\/\/estudosdacrianca3.pt\/\">http:\/\/estudosdacrianca3.pt\/<\/a><\/td>\n<\/tr>\n<tr>\n<td width=\"360\">Together toward a better world for children, adolescents and families<\/td>\n<td width=\"136\"><strong>22 a 25 de agosto<\/strong><\/td>\n<td width=\"164\">Vienna (Austria)<\/td>\n<td width=\"164\"><strong><em>______<\/em><\/strong><\/td>\n<td width=\"482\"><a href=\"http:\/\/www.betterworld2016.org\/index.php\/en\/\">http:\/\/www.betterworld2016.org\/index.php\/en\/<\/a><\/td>\n<\/tr>\n<tr>\n<td width=\"360\">Child Poverty in Times of Crisis<\/td>\n<td width=\"136\"><strong>25 e 26 de agosto<\/strong><\/td>\n<td width=\"164\">Salzburg (Austria)<\/td>\n<td width=\"164\"><strong><em>At\u00e9 31 de janeiro<\/em><\/strong><\/td>\n<td width=\"482\"><a href=\"http:\/\/www.uni-salzburg.at\/index.php?id=202497&amp;L=1\">http:\/\/www.uni-salzburg.at\/index.php?id=202497&amp;L=1<\/a><\/td>\n<\/tr>\n<\/tbody>\n<\/table>\n","protected":false},"excerpt":{"rendered":"<p>CONGRESSOS DATA LOCAL RESUMOS INFORMA\u00c7\u00d5ES Colloque transitions et socialisations au cours de la petite enfance 12 a 14 de novembro Paris (Fran\u00e7a) ______ http:\/\/www.univ-paris13.fr\/experice\/evenement\/colloque-transitions-et-socialisations-au-cours-de-la-petite-enfance\/ 10\u00ba Semin\u00e1rio em Desenvolvimento Motor da Crian\u00e7a 13 e 14 de novembro Bragan\u00e7a (Portugal) ______ http:\/\/10sdmc.wix.com\/10sdmc Workshop Feminism and the Politics of Childhood: Friends or foes? 16 e 17 de novembro [&hellip;]<\/p>\n","protected":false},"author":2660,"featured_media":1623,"comment_status":"closed","ping_status":"open","sticky":false,"template":"","format":"standard","meta":{"footnotes":""},"categories":[10,39,1],"tags":[],"coauthors":[],"class_list":["post-1194","post","type-post","status-publish","format-standard","has-post-thumbnail","hentry","category-eventos","category-eventos-externos","category-noticias"],"_links":{"self":[{"href":"https:\/\/ppgecpan.ufms.br\/es\/wp-json\/wp\/v2\/posts\/1194","targetHints":{"allow":["GET"]}}],"collection":[{"href":"https:\/\/ppgecpan.ufms.br\/es\/wp-json\/wp\/v2\/posts"}],"about":[{"href":"https:\/\/ppgecpan.ufms.br\/es\/wp-json\/wp\/v2\/types\/post"}],"author":[{"embeddable":true,"href":"https:\/\/ppgecpan.ufms.br\/es\/wp-json\/wp\/v2\/users\/2660"}],"replies":[{"embeddable":true,"href":"https:\/\/ppgecpan.ufms.br\/es\/wp-json\/wp\/v2\/comments?post=1194"}],"version-history":[{"count":3,"href":"https:\/\/ppgecpan.ufms.br\/es\/wp-json\/wp\/v2\/posts\/1194\/revisions"}],"predecessor-version":[{"id":1197,"href":"https:\/\/ppgecpan.ufms.br\/es\/wp-json\/wp\/v2\/posts\/1194\/revisions\/1197"}],"wp:featuredmedia":[{"embeddable":true,"href":"https:\/\/ppgecpan.ufms.br\/es\/wp-json\/wp\/v2\/media\/1623"}],"wp:attachment":[{"href":"https:\/\/ppgecpan.ufms.br\/es\/wp-json\/wp\/v2\/media?parent=1194"}],"wp:term":[{"taxonomy":"category","embeddable":true,"href":"https:\/\/ppgecpan.ufms.br\/es\/wp-json\/wp\/v2\/categories?post=1194"},{"taxonomy":"post_tag","embeddable":true,"href":"https:\/\/ppgecpan.ufms.br\/es\/wp-json\/wp\/v2\/tags?post=1194"},{"taxonomy":"author","embeddable":true,"href":"https:\/\/ppgecpan.ufms.br\/es\/wp-json\/wp\/v2\/coauthors?post=1194"}],"curies":[{"name":"wp","href":"https:\/\/api.w.org\/{rel}","templated":true}]}}