{"id":1198,"date":"2015-11-16T13:46:35","date_gmt":"2015-11-16T17:46:35","guid":{"rendered":"http:\/\/ppgecpan.draconis.ufms.br\/?p=1198"},"modified":"2016-03-13T19:41:11","modified_gmt":"2016-03-13T23:41:11","slug":"revista-mundi-sociais-e-humanidades","status":"publish","type":"post","link":"https:\/\/ppgecpan.ufms.br\/es\/revista-mundi-sociais-e-humanidades\/","title":{"rendered":"Revista Mundi Sociais e Humanidades"},"content":{"rendered":"<p>O peri\u00f3dico<strong> Revista Mundi Sociais e Humanidades<\/strong> recebe permanentemente artigos em portugu\u00eas, ingl\u00eas e espanhol para a composi\u00e7\u00e3o de suas edi\u00e7\u00f5es eletr\u00f4nicas semestrais. Todos os trabalhos enviados \u00e0 revista s\u00e3o submetidos a pareceristas conceituados, a fim de que sejam avaliados de modo imparcial pelo m\u00e9todo duplo cego. Os artigos devem ser enviados por meio da plataforma <a href=\"http:\/\/periodicos.ifpr.edu.br\/\" target=\"_blank\"><span style=\"color: #1155cc\">http:\/\/periodicos.ifpr.edu.br\/<\/span><\/a>, onde tamb\u00e9m se encontram as diretrizes para os autores.<\/p>\n<p><strong>POL\u00cdTICAS P\u00daBLICAS DE INCLUS\u00c3O E EXCLUS\u00c3O<\/strong><\/p>\n<p>Al\u00e9m dos trabalhos gerais, sob demanda cont\u00ednua, a <strong>Mundi<\/strong> tamb\u00e9m aceita artigos para seus dossi\u00eas tem\u00e1ticos espec\u00edficos. No momento, est\u00e1 aberto o per\u00edodo para submiss\u00e3o de trabalhos acerca do tema <strong>Pol\u00edticas p\u00fablicas de inclus\u00e3o e exclus\u00e3o<\/strong>, com previs\u00e3o de publica\u00e7\u00e3o em julho de 2016. O prazo para submiss\u00e3o para a se\u00e7\u00e3o tem\u00e1tica \u00e9 at\u00e9 15 de fevereiro de 2016. Para os artigos gerais, a revista est\u00e1 permanentemente aberta para submiss\u00e3o.<\/p>\n<p><strong>A REVISTA MUNDI<\/strong><\/p>\n<p>A <strong>Revista Mundi Sociais e Humanidades<\/strong> \u00e9 uma iniciativa do Instituto Federal do Paran\u00e1 e conta com um conceituado Conselho Editorial Cient\u00edfico para promover a publica\u00e7\u00e3o de artigos cient\u00edficos e resultados de pesquisas que articulem tem\u00e1ticas e perspectivas interdisciplinares dentro da c\u00e2mara Sociais e Humanidades da Capes (c\u00f3d. 90192000).<\/p>\n<p>Entre as \u00e1reas cobertas est\u00e3o direito, administra\u00e7\u00e3o, turismo, economia, arquitetura e urbanismo, desenho industrial, planejamento urbano e regional, demografia, ci\u00eancia da informa\u00e7\u00e3o, museologia, comunica\u00e7\u00e3o, servi\u00e7o social, filosofia, teologia, sociologia, antropologia, arqueologia, ci\u00eancia pol\u00edtica, hist\u00f3ria, geografia, psicologia e educa\u00e7\u00e3o. Tamb\u00e9m h\u00e1 a possibilidade de trabalhos em Sociais e Humanidades associados a estudos de outras \u00e1reas.<\/p>\n","protected":false},"excerpt":{"rendered":"<p>O peri\u00f3dico Revista Mundi Sociais e Humanidades recebe permanentemente artigos em portugu\u00eas, ingl\u00eas e espanhol para a composi\u00e7\u00e3o de suas edi\u00e7\u00f5es eletr\u00f4nicas semestrais. Todos os trabalhos enviados \u00e0 revista s\u00e3o submetidos a pareceristas conceituados, a fim de que sejam avaliados de modo imparcial pelo m\u00e9todo duplo cego. Os artigos devem ser enviados por meio da [&hellip;]<\/p>\n","protected":false},"author":2660,"featured_media":1639,"comment_status":"closed","ping_status":"open","sticky":false,"template":"","format":"standard","meta":{"footnotes":""},"categories":[37,29],"tags":[],"coauthors":[],"class_list":["post-1198","post","type-post","status-publish","format-standard","has-post-thumbnail","hentry","category-calls-for-publication","category-novidades"],"_links":{"self":[{"href":"https:\/\/ppgecpan.ufms.br\/es\/wp-json\/wp\/v2\/posts\/1198","targetHints":{"allow":["GET"]}}],"collection":[{"href":"https:\/\/ppgecpan.ufms.br\/es\/wp-json\/wp\/v2\/posts"}],"about":[{"href":"https:\/\/ppgecpan.ufms.br\/es\/wp-json\/wp\/v2\/types\/post"}],"author":[{"embeddable":true,"href":"https:\/\/ppgecpan.ufms.br\/es\/wp-json\/wp\/v2\/users\/2660"}],"replies":[{"embeddable":true,"href":"https:\/\/ppgecpan.ufms.br\/es\/wp-json\/wp\/v2\/comments?post=1198"}],"version-history":[{"count":1,"href":"https:\/\/ppgecpan.ufms.br\/es\/wp-json\/wp\/v2\/posts\/1198\/revisions"}],"predecessor-version":[{"id":1199,"href":"https:\/\/ppgecpan.ufms.br\/es\/wp-json\/wp\/v2\/posts\/1198\/revisions\/1199"}],"wp:featuredmedia":[{"embeddable":true,"href":"https:\/\/ppgecpan.ufms.br\/es\/wp-json\/wp\/v2\/media\/1639"}],"wp:attachment":[{"href":"https:\/\/ppgecpan.ufms.br\/es\/wp-json\/wp\/v2\/media?parent=1198"}],"wp:term":[{"taxonomy":"category","embeddable":true,"href":"https:\/\/ppgecpan.ufms.br\/es\/wp-json\/wp\/v2\/categories?post=1198"},{"taxonomy":"post_tag","embeddable":true,"href":"https:\/\/ppgecpan.ufms.br\/es\/wp-json\/wp\/v2\/tags?post=1198"},{"taxonomy":"author","embeddable":true,"href":"https:\/\/ppgecpan.ufms.br\/es\/wp-json\/wp\/v2\/coauthors?post=1198"}],"curies":[{"name":"wp","href":"https:\/\/api.w.org\/{rel}","templated":true}]}}