{"id":1217,"date":"2015-11-19T14:26:45","date_gmt":"2015-11-19T18:26:45","guid":{"rendered":"http:\/\/ppgecpan.draconis.ufms.br\/?p=1217"},"modified":"2016-02-19T15:58:46","modified_gmt":"2016-02-19T19:58:46","slug":"reabertura-de-inscricoes-para-alunos-especiais","status":"publish","type":"post","link":"https:\/\/ppgecpan.ufms.br\/es\/reabertura-de-inscricoes-para-alunos-especiais\/","title":{"rendered":"Reabertura de inscri\u00e7\u00f5es para alunos especiais"},"content":{"rendered":"<p>&nbsp;<\/p>\n<p>Reabertas as inscri\u00e7\u00f5es e matr\u00edculas de alunos especiais para o segundo semestre de 2015 do Curso de Mestrado em Educa\u00e7\u00e3o \u2013 Educa\u00e7\u00e3o Social, do Programa de P\u00f3s-gradua\u00e7\u00e3o em Educa\u00e7\u00e3o, conforme exposto a seguir:<\/p>\n<p>&nbsp;<\/p>\n<p><strong>19\/11\/2015 a 24\/11\/2015<\/strong> \u2013 Inscri\u00e7\u00e3o para alunos especiais<\/p>\n<p><strong>25\/11\/2015<\/strong> \u2013 Resultado dos alunos especiais aprovados<\/p>\n<p><strong>26\/11\/2015<\/strong> \u2013 Matr\u00edcula para alunos especiais<\/p>\n<p>&nbsp;<\/p>\n<p>As disciplinas ofertadas e a data de in\u00edcio das aulas constam abaixo,\u00a0no Anexo I.<\/p>\n<p>DOCUMENTOS PARA ALUNOS ESPECIAIS:<\/p>\n<p>\u2013 No ato da inscri\u00e7\u00e3o, os alunos especiais dever\u00e3o entregar Requerimento de Inscri\u00e7\u00e3o para aluno especial (Formul\u00e1rio n\u00b0 11), dispon\u00edvel em www.ppgecpan.draconis.ufms.br\/formularios\/e Curr\u00edculo Lattes atualizado (www.lattes.cnpq.br\/). Todos os documentos devem ser entregues na Secretaria do PPGE, Unidade III (em frente ao SESC), Rua Domingos Sahib, 99, Bairro Cervejaria, Corumb\u00e1\/MS ou enviados ao email ppge.cpan@ufms.br.<\/p>\n<p>\u2013 Para efetuar matr\u00edcula, os alunos especiais aprovados dever\u00e3o comparecer na secretaria do PPGE, no dia acima mencionado, com original e c\u00f3pia de:CERTID\u00c3O DE NASCIMENTO OU CASAMENTO, RG, CPF, T\u00cdTULO DE ELEITOR, CERTIFICADO DE CONCLUS\u00c3O DE GRADUA\u00c7\u00c3O OU DIPLOMA E CERTIFICADO DE RESERVISTA. Ou, podem enviar tais documentos digitalizados ao email ppge.cpan@ufms.br.<\/p>\n<p>&nbsp;<\/p>\n<p>&nbsp;<\/p>\n<p><span style=\"color: #000000;font-family: Calibri\">\u00a0<\/span><strong>ANEXO I <\/strong><\/p>\n<table>\n<tbody>\n<tr>\n<td width=\"185\"><strong>LISTA DE OFERTA DE DISCIPLINAS PARA ALUNOS ESPECIAIS \u2013 2015.2 DISCIPLINA <\/strong><\/td>\n<td width=\"185\"><strong>DOCENTE <\/strong><\/td>\n<td width=\"185\"><strong>HOR\u00c1RIO <\/strong><\/td>\n<\/tr>\n<tr>\n<td width=\"185\">Implica\u00e7\u00f5es Pedag\u00f3gicas da Teoria Hist\u00f3rico-Cultural, a crian\u00e7a, sua inf\u00e2ncia e a cultura escrita \u2013 carga hor\u00e1ria de 60 horas.<\/td>\n<td width=\"185\">Professoras doutoras Regina Aparecida Marques de Souza e Suely Amaral Mello<\/td>\n<td width=\"185\">1\u00ba Encontro &#8211; 30\/11 (4 h) &#8211; <strong>Tr\u00eas Lagoas <\/strong>&#8211; para organiza\u00e7\u00e3o da disciplina<\/p>\n<p>2\u00ba Encontro \u2013 3 dias (8 horas por dia) dias em dezembro a combinar &#8211; <strong>Tr\u00eas Lagoas <\/strong><\/p>\n<p>3\u00ba Encontro \u2013 4 dias (8 horas por dia) dias em fevereiro a combinar &#8211; <strong>Corumb\u00e1 <\/strong><\/td>\n<\/tr>\n<tr>\n<td width=\"185\">Inf\u00e2ncia e Letramento \u2013 carga hor\u00e1ria de 60 horas;<\/td>\n<td width=\"185\">Professoras doutoras Ana Lucia Espindola e Regina Aparecida Marques de Souza<\/td>\n<td width=\"185\">1\u00ba Encontro &#8211; 01\/12 (4 h) &#8211; <strong>Tr\u00eas Lagoas <\/strong>&#8211; para organiza\u00e7\u00e3o da disciplina<\/p>\n<p>2\u00ba Encontro \u2013 4 dias (8 horas por dia) dias em dezembro a combinar &#8211; <strong>Tr\u00eas Lagoas <\/strong><\/p>\n<p>3\u00ba Encontro \u2013 3 dias (8 horas por dia) dias em fevereiro a combinar \u2013 <strong>Corumb\u00e1 <\/strong><\/td>\n<\/tr>\n<tr>\n<td width=\"185\">A Did\u00e1tica e a Aprendizagem do Pensar e do Aprender \u2013 carga hor\u00e1ria de <strong>15 horas<\/strong>.<\/td>\n<td width=\"185\">Professor Made Junior Miranda<\/td>\n<td width=\"185\">1\u00ba Encontro: 3 e 4 de fevereiro de 2016 &#8211; das 14h \u00e0s 18h &#8211; <strong>Corumb\u00e1 <\/strong><\/p>\n<p>2\u00ba Encontro: 16 e 17 de mar\u00e7o de 2016 &#8211; das 14h \u00e0s 18h <strong>&#8211; Corumb\u00e1 <\/strong><\/td>\n<\/tr>\n<\/tbody>\n<\/table>\n<p>&nbsp;<\/p>\n<p>&nbsp;<\/p>\n","protected":false},"excerpt":{"rendered":"<p>&nbsp; Reabertas as inscri\u00e7\u00f5es e matr\u00edculas de alunos especiais para o segundo semestre de 2015 do Curso de Mestrado em Educa\u00e7\u00e3o \u2013 Educa\u00e7\u00e3o Social, do Programa de P\u00f3s-gradua\u00e7\u00e3o em Educa\u00e7\u00e3o, conforme exposto a seguir: &nbsp; 19\/11\/2015 a 24\/11\/2015 \u2013 Inscri\u00e7\u00e3o para alunos especiais 25\/11\/2015 \u2013 Resultado dos alunos especiais aprovados 26\/11\/2015 \u2013 Matr\u00edcula para alunos [&hellip;]<\/p>\n","protected":false},"author":2660,"featured_media":968,"comment_status":"closed","ping_status":"open","sticky":false,"template":"","format":"standard","meta":{"footnotes":""},"categories":[1],"tags":[],"coauthors":[],"class_list":["post-1217","post","type-post","status-publish","format-standard","has-post-thumbnail","hentry","category-noticias"],"_links":{"self":[{"href":"https:\/\/ppgecpan.ufms.br\/es\/wp-json\/wp\/v2\/posts\/1217","targetHints":{"allow":["GET"]}}],"collection":[{"href":"https:\/\/ppgecpan.ufms.br\/es\/wp-json\/wp\/v2\/posts"}],"about":[{"href":"https:\/\/ppgecpan.ufms.br\/es\/wp-json\/wp\/v2\/types\/post"}],"author":[{"embeddable":true,"href":"https:\/\/ppgecpan.ufms.br\/es\/wp-json\/wp\/v2\/users\/2660"}],"replies":[{"embeddable":true,"href":"https:\/\/ppgecpan.ufms.br\/es\/wp-json\/wp\/v2\/comments?post=1217"}],"version-history":[{"count":8,"href":"https:\/\/ppgecpan.ufms.br\/es\/wp-json\/wp\/v2\/posts\/1217\/revisions"}],"predecessor-version":[{"id":1292,"href":"https:\/\/ppgecpan.ufms.br\/es\/wp-json\/wp\/v2\/posts\/1217\/revisions\/1292"}],"wp:featuredmedia":[{"embeddable":true,"href":"https:\/\/ppgecpan.ufms.br\/es\/wp-json\/wp\/v2\/media\/968"}],"wp:attachment":[{"href":"https:\/\/ppgecpan.ufms.br\/es\/wp-json\/wp\/v2\/media?parent=1217"}],"wp:term":[{"taxonomy":"category","embeddable":true,"href":"https:\/\/ppgecpan.ufms.br\/es\/wp-json\/wp\/v2\/categories?post=1217"},{"taxonomy":"post_tag","embeddable":true,"href":"https:\/\/ppgecpan.ufms.br\/es\/wp-json\/wp\/v2\/tags?post=1217"},{"taxonomy":"author","embeddable":true,"href":"https:\/\/ppgecpan.ufms.br\/es\/wp-json\/wp\/v2\/coauthors?post=1217"}],"curies":[{"name":"wp","href":"https:\/\/api.w.org\/{rel}","templated":true}]}}