{"id":1306,"date":"2015-11-26T13:37:53","date_gmt":"2015-11-26T17:37:53","guid":{"rendered":"http:\/\/ppgecpan.draconis.ufms.br\/?p=1306"},"modified":"2016-03-13T17:14:04","modified_gmt":"2016-03-13T21:14:04","slug":"forum-dos-pos-graduandos-da-ufms","status":"publish","type":"post","link":"https:\/\/ppgecpan.ufms.br\/es\/forum-dos-pos-graduandos-da-ufms\/","title":{"rendered":"F\u00f3rum dos P\u00f3s-Graduandos da UFMS inicia dia 07\/12\/2015!"},"content":{"rendered":"<p align=\"LEFT\">Nos dias <strong>07 <\/strong>e<strong> 08\/12\/2015\u00a0<\/strong>ser\u00e1 realizado no Anfiteatro 1 &#8211; Complexo Multiuso (UFMS-Campo Grande) o <strong>F\u00f3rum de P\u00f3s-graduandos da UFMS<\/strong>, em que ocorrer\u00e1 a elei\u00e7\u00e3o e posse da Coordenadoria da Associa\u00e7\u00e3o de p\u00f3s-graduandos da institui\u00e7\u00e3o.<\/p>\n<p align=\"LEFT\"><strong>ACESSE \u00c0 PROGRAMA\u00c7\u00c3O DO EVENTO\u00a0&#8211;\u00a0<a href=\"http:\/\/ppgecpan.draconis.ufms.br\/files\/2015\/11\/cartaz_A3_impress\u00e3o.pdf\" target=\"_blank\">AQUI<\/a><\/strong>.<\/p>\n<p>&nbsp;<\/p>\n","protected":false},"excerpt":{"rendered":"<p>Nos dias 07 e 08\/12\/2015\u00a0ser\u00e1 realizado no Anfiteatro 1 &#8211; Complexo Multiuso (UFMS-Campo Grande) o F\u00f3rum de P\u00f3s-graduandos da UFMS, em que ocorrer\u00e1 a elei\u00e7\u00e3o e posse da Coordenadoria da Associa\u00e7\u00e3o de p\u00f3s-graduandos da institui\u00e7\u00e3o. ACESSE \u00c0 PROGRAMA\u00c7\u00c3O DO EVENTO\u00a0&#8211;\u00a0AQUI. &nbsp;<\/p>\n","protected":false},"author":2660,"featured_media":1621,"comment_status":"closed","ping_status":"open","sticky":false,"template":"","format":"standard","meta":{"footnotes":""},"categories":[10,39,1],"tags":[],"coauthors":[],"class_list":["post-1306","post","type-post","status-publish","format-standard","has-post-thumbnail","hentry","category-eventos","category-eventos-externos","category-noticias"],"_links":{"self":[{"href":"https:\/\/ppgecpan.ufms.br\/es\/wp-json\/wp\/v2\/posts\/1306","targetHints":{"allow":["GET"]}}],"collection":[{"href":"https:\/\/ppgecpan.ufms.br\/es\/wp-json\/wp\/v2\/posts"}],"about":[{"href":"https:\/\/ppgecpan.ufms.br\/es\/wp-json\/wp\/v2\/types\/post"}],"author":[{"embeddable":true,"href":"https:\/\/ppgecpan.ufms.br\/es\/wp-json\/wp\/v2\/users\/2660"}],"replies":[{"embeddable":true,"href":"https:\/\/ppgecpan.ufms.br\/es\/wp-json\/wp\/v2\/comments?post=1306"}],"version-history":[{"count":8,"href":"https:\/\/ppgecpan.ufms.br\/es\/wp-json\/wp\/v2\/posts\/1306\/revisions"}],"predecessor-version":[{"id":1622,"href":"https:\/\/ppgecpan.ufms.br\/es\/wp-json\/wp\/v2\/posts\/1306\/revisions\/1622"}],"wp:featuredmedia":[{"embeddable":true,"href":"https:\/\/ppgecpan.ufms.br\/es\/wp-json\/wp\/v2\/media\/1621"}],"wp:attachment":[{"href":"https:\/\/ppgecpan.ufms.br\/es\/wp-json\/wp\/v2\/media?parent=1306"}],"wp:term":[{"taxonomy":"category","embeddable":true,"href":"https:\/\/ppgecpan.ufms.br\/es\/wp-json\/wp\/v2\/categories?post=1306"},{"taxonomy":"post_tag","embeddable":true,"href":"https:\/\/ppgecpan.ufms.br\/es\/wp-json\/wp\/v2\/tags?post=1306"},{"taxonomy":"author","embeddable":true,"href":"https:\/\/ppgecpan.ufms.br\/es\/wp-json\/wp\/v2\/coauthors?post=1306"}],"curies":[{"name":"wp","href":"https:\/\/api.w.org\/{rel}","templated":true}]}}