{"id":1323,"date":"2015-12-01T06:28:30","date_gmt":"2015-12-01T10:28:30","guid":{"rendered":"http:\/\/ppgecpan.draconis.ufms.br\/?p=1323"},"modified":"2016-03-13T19:40:31","modified_gmt":"2016-03-13T23:40:31","slug":"revista-educere-chamada-para-publicacao","status":"publish","type":"post","link":"https:\/\/ppgecpan.ufms.br\/es\/revista-educere-chamada-para-publicacao\/","title":{"rendered":"REVISTA EDUCERE: Chamada para Publica\u00e7\u00e3o"},"content":{"rendered":"<p>&nbsp;<\/p>\n<p>CHAMADA PARA PUBLICA\u00c7\u00c3O<br \/>\nDOSSI\u00ca: ENSINO, FORMA\u00c7\u00c3O DE PROFESSORES E EDUCA\u00c7\u00c3O B\u00c1SICA:<br \/>\nPERSPECTIVAS INTERDISCIPLINARES<\/p>\n<p>A Revista Educere et Educare (Qualis B1 \u2013 Ensino), convida professores e<br \/>\npesquisadores envolvidos com a \u00e1rea de Ensino, Forma\u00e7\u00e3o de Professores e<br \/>\nEduca\u00e7\u00e3o B\u00e1sica, a enviarem artigos para o dossi\u00ea tem\u00e1tico a ser<br \/>\npublicado em 2016.<\/p>\n<p>O dossi\u00ea Ensino, Forma\u00e7\u00e3o de Professores e Educa\u00e7\u00e3o B\u00e1sica:<br \/>\nperspectivas interdisciplinares tem como objetivo reunir artigos resultantes<br \/>\nde pesquisas sobre o ensino em uma perspectiva interdisciplinar. O ensino \u00e9<br \/>\numa a\u00e7\u00e3o te\u00f3rica e pr\u00e1tica que envolve conhecimentos diversos sobre a<br \/>\nsociedade, a psicologia, a organiza\u00e7\u00e3o escolar, \u00e1reas curriculares e etc.<br \/>\nA forma\u00e7\u00e3o de professores \u00e9 tamb\u00e9m uma \u00e1rea importante que est\u00e1<br \/>\nexigindo reflex\u00f5es que podem ser pensadas na rela\u00e7\u00e3o entre os<br \/>\nconhecimentos e os diversos n\u00edveis de ensino. Desta forma, essas tem\u00e1ticas<br \/>\nsuscitam um campo amplo de reflex\u00f5es, cuja divulga\u00e7\u00e3o \u00e9 fundamental para<br \/>\npensar sobre os atuais desafios repassados para a educa\u00e7\u00e3o escolar.<br \/>\nOs artigos devem ser submetidos online, por meio do site da revista<br \/>\n(<a href=\"http:\/\/e-revista.unioeste.br\/index.php\/educereeteducare\/index\" target=\"_blank\"><span style=\"color: #1155cc\">http:\/\/e-revista.unioeste.br\/<\/span>index.php\/educereeteducare\/index<\/a><span style=\"color: #222222\">), onde<br \/>\n<\/span><span style=\"color: #222222\"> tamb\u00e9m se encontram as diretrizes aos autores, at\u00e9 o dia 30\/04\/16 para<br \/>\nserem submetidos aos pareceristas.<\/span><\/p>\n<p>Dra. Concei\u00e7\u00e3o Solange Bution Perin (UNESPAR)<br \/>\nDra. Maria Inalva Galter (UNIOESTE)<br \/>\nDra. Aparecida Favoreto (UNIOESTE)<br \/>\nOrganizadoras do Dossi\u00ea<\/p>\n<p>Agradecemos seu interesse em nosso trabalho,<br \/>\nEditoria Revista Educere<br \/>\n<a href=\"mailto:editoriaeducere@gmail.com\" target=\"_blank\">editoriaeducere@gmail.com<\/a><\/p>\n","protected":false},"excerpt":{"rendered":"<p>&nbsp; CHAMADA PARA PUBLICA\u00c7\u00c3O DOSSI\u00ca: ENSINO, FORMA\u00c7\u00c3O DE PROFESSORES E EDUCA\u00c7\u00c3O B\u00c1SICA: PERSPECTIVAS INTERDISCIPLINARES A Revista Educere et Educare (Qualis B1 \u2013 Ensino), convida professores e pesquisadores envolvidos com a \u00e1rea de Ensino, Forma\u00e7\u00e3o de Professores e Educa\u00e7\u00e3o B\u00e1sica, a enviarem artigos para o dossi\u00ea tem\u00e1tico a ser publicado em 2016. O dossi\u00ea Ensino, Forma\u00e7\u00e3o [&hellip;]<\/p>\n","protected":false},"author":2660,"featured_media":1640,"comment_status":"closed","ping_status":"open","sticky":false,"template":"","format":"standard","meta":{"footnotes":""},"categories":[37,29],"tags":[],"coauthors":[],"class_list":["post-1323","post","type-post","status-publish","format-standard","has-post-thumbnail","hentry","category-calls-for-publication","category-novidades"],"_links":{"self":[{"href":"https:\/\/ppgecpan.ufms.br\/es\/wp-json\/wp\/v2\/posts\/1323","targetHints":{"allow":["GET"]}}],"collection":[{"href":"https:\/\/ppgecpan.ufms.br\/es\/wp-json\/wp\/v2\/posts"}],"about":[{"href":"https:\/\/ppgecpan.ufms.br\/es\/wp-json\/wp\/v2\/types\/post"}],"author":[{"embeddable":true,"href":"https:\/\/ppgecpan.ufms.br\/es\/wp-json\/wp\/v2\/users\/2660"}],"replies":[{"embeddable":true,"href":"https:\/\/ppgecpan.ufms.br\/es\/wp-json\/wp\/v2\/comments?post=1323"}],"version-history":[{"count":2,"href":"https:\/\/ppgecpan.ufms.br\/es\/wp-json\/wp\/v2\/posts\/1323\/revisions"}],"predecessor-version":[{"id":1325,"href":"https:\/\/ppgecpan.ufms.br\/es\/wp-json\/wp\/v2\/posts\/1323\/revisions\/1325"}],"wp:featuredmedia":[{"embeddable":true,"href":"https:\/\/ppgecpan.ufms.br\/es\/wp-json\/wp\/v2\/media\/1640"}],"wp:attachment":[{"href":"https:\/\/ppgecpan.ufms.br\/es\/wp-json\/wp\/v2\/media?parent=1323"}],"wp:term":[{"taxonomy":"category","embeddable":true,"href":"https:\/\/ppgecpan.ufms.br\/es\/wp-json\/wp\/v2\/categories?post=1323"},{"taxonomy":"post_tag","embeddable":true,"href":"https:\/\/ppgecpan.ufms.br\/es\/wp-json\/wp\/v2\/tags?post=1323"},{"taxonomy":"author","embeddable":true,"href":"https:\/\/ppgecpan.ufms.br\/es\/wp-json\/wp\/v2\/coauthors?post=1323"}],"curies":[{"name":"wp","href":"https:\/\/api.w.org\/{rel}","templated":true}]}}