{"id":1350,"date":"2015-12-17T13:33:29","date_gmt":"2015-12-17T17:33:29","guid":{"rendered":"http:\/\/ppgecpan.draconis.ufms.br\/?p=1350"},"modified":"2016-03-13T19:38:48","modified_gmt":"2016-03-13T23:38:48","slug":"chamada-para-publicacao-revista-comunicar","status":"publish","type":"post","link":"https:\/\/ppgecpan.ufms.br\/es\/chamada-para-publicacao-revista-comunicar\/","title":{"rendered":"Chamada para publica\u00e7\u00e3o: Revista Comunicar"},"content":{"rendered":"<p>&nbsp;<\/p>\n<p>Prezados colegas e estudantes:<\/p>\n<p>&nbsp;<\/p>\n<p>A Revista Comunicar informa que continuam abertas as duas chamadas de artigos para o terceiro e o quarto dossi\u00ea tem\u00e1tico de 2016. Quanto ao primeiro e o segundo dossi\u00ea, suas chamadas est\u00e3o encerradas e seus artigos em fase de edi\u00e7\u00e3o.<\/p>\n<p>A seguir, os n\u00fameros da Revista Comunicar que ser\u00e3o lan\u00e7ados em 2016, bem como, as chamadas abertas e as encerradas para submiss\u00e3o de artigos:<\/p>\n<p>&nbsp;<\/p>\n<table>\n<tbody>\n<tr>\n<td width=\"283\"><strong>Comunicar 48 (03-2016):<\/strong><\/p>\n<p><strong>\u00a0<\/strong><\/p>\n<p><b>\u00a0<\/b>\u00c9TICA E PL\u00c1GIO NA COMUNICA\u00c7\u00c3O CIENT\u00cdFICA<\/p>\n<p><strong>\u00a0<\/strong><\/p>\n<p><strong>\u00a0<\/strong><\/td>\n<td width=\"283\">CHAMADA\u00a0 PARA SUBMISS\u00c3O DE ARTIGOS<\/p>\n<p><strong>Editores Tem\u00e1ticos:\u00a0<\/strong> Dr. Jaume Sureda-Negre, Universidad de las Islas Baleares (Espa\u00f1a)\u00a0 \u00a0Dr. Karl O. Jones, Liverpool John Moores University, (Reino Unido) \u00a0Dr. Rub\u00e9n Comas-Forgas, Universidad de las Islas Baleares (Espa\u00f1a<\/p>\n<p>&nbsp;<\/p>\n<p><strong>Data final da chamada:\u00a0 30 \/12\/2015<\/strong><\/p>\n<p>&nbsp;<\/p>\n<p>Mais informa\u00e7\u00f5es:\u00a0\u00a0\u00a0<a href=\"http:\/\/www.revistacomunicar.com\/pdf\/call\/call-48-es.pdf\">http:\/\/www.revistacomunicar.com\/pdf\/call\/call-48-es.pdf<\/a><\/p>\n<p><strong>\u00a0<\/strong><\/td>\n<\/tr>\n<tr>\n<td width=\"283\"><strong>COMUNICAR 49 (04-2016):<\/strong><\/p>\n<p><strong>\u00a0<\/strong><\/p>\n<p>A EDUCA\u00c7\u00c3O MIDI\u00c1TICA NO MUNDO: CURRICULUM &amp; CIDADANIA<\/p>\n<p>&nbsp;<\/td>\n<td width=\"283\">CHAMADA PARA SUBMISS\u00c3O DE ARTIGOS<\/p>\n<p>&nbsp;<\/p>\n<p><strong>Editores Tem\u00e1ticos:\u00a0<\/strong> \u00a0Dr. Alexander Fedorov, Rostov State University of Economics (Rusia)\u00a0 \u00a0\u00a0Dr. Jorge Abelardo Cort\u00e9s Montalvo, Universidad Aut\u00f3noma de Chihuahua (M\u00e9xico) Dra. Yamile Sandoval Romero, Universidad Santiago de Cali (Colombia)<\/p>\n<p><strong>Data final da chamada: 28\/02\/2016<\/strong><\/p>\n<p>&nbsp;<\/p>\n<p>Mais informa\u00e7\u00f5es:<\/p>\n<p><a href=\"http:\/\/www.revistacomunicar.com\/pdf\/call\/call-49-es.pdf\">http:\/\/www.revistacomunicar.com\/pdf\/call\/call-49-es.pdf<\/a><\/p>\n<p><strong>\u00a0<\/strong><\/td>\n<\/tr>\n<tr>\n<td width=\"283\"><strong>COMUNICAR 46 (01-2016):<\/strong><\/p>\n<p>A INTERNET E OS DESAFIOS DA COMUNICA\u00c7\u00c3O HUMANA<\/p>\n<p>&nbsp;<\/td>\n<td width=\"283\">Em pr\u00e9-print<\/p>\n<p>&nbsp;<\/p>\n<p>Chamada encerrada em 30\/04\/2015.<\/td>\n<\/tr>\n<tr>\n<td width=\"283\"><strong>COMUNICAR 47 (02-2016):<\/strong><\/p>\n<p>COMUNICA\u00c7\u00c3O, SOCIEDADE CIVIL E MUDAN\u00c7A SOCIAL<\/p>\n<p><strong>\u00a0<\/strong><\/td>\n<td width=\"283\">Em pr\u00e9-print<\/p>\n<p>&nbsp;<\/p>\n<p>Chamada encerrada 30\/09\/2015<\/td>\n<\/tr>\n<\/tbody>\n<\/table>\n","protected":false},"excerpt":{"rendered":"<p>&nbsp; Prezados colegas e estudantes: &nbsp; A Revista Comunicar informa que continuam abertas as duas chamadas de artigos para o terceiro e o quarto dossi\u00ea tem\u00e1tico de 2016. Quanto ao primeiro e o segundo dossi\u00ea, suas chamadas est\u00e3o encerradas e seus artigos em fase de edi\u00e7\u00e3o. A seguir, os n\u00fameros da Revista Comunicar que ser\u00e3o [&hellip;]<\/p>\n","protected":false},"author":2660,"featured_media":1638,"comment_status":"closed","ping_status":"open","sticky":false,"template":"","format":"standard","meta":{"footnotes":""},"categories":[37,29],"tags":[],"coauthors":[],"class_list":["post-1350","post","type-post","status-publish","format-standard","has-post-thumbnail","hentry","category-calls-for-publication","category-novidades"],"_links":{"self":[{"href":"https:\/\/ppgecpan.ufms.br\/es\/wp-json\/wp\/v2\/posts\/1350","targetHints":{"allow":["GET"]}}],"collection":[{"href":"https:\/\/ppgecpan.ufms.br\/es\/wp-json\/wp\/v2\/posts"}],"about":[{"href":"https:\/\/ppgecpan.ufms.br\/es\/wp-json\/wp\/v2\/types\/post"}],"author":[{"embeddable":true,"href":"https:\/\/ppgecpan.ufms.br\/es\/wp-json\/wp\/v2\/users\/2660"}],"replies":[{"embeddable":true,"href":"https:\/\/ppgecpan.ufms.br\/es\/wp-json\/wp\/v2\/comments?post=1350"}],"version-history":[{"count":2,"href":"https:\/\/ppgecpan.ufms.br\/es\/wp-json\/wp\/v2\/posts\/1350\/revisions"}],"predecessor-version":[{"id":1352,"href":"https:\/\/ppgecpan.ufms.br\/es\/wp-json\/wp\/v2\/posts\/1350\/revisions\/1352"}],"wp:featuredmedia":[{"embeddable":true,"href":"https:\/\/ppgecpan.ufms.br\/es\/wp-json\/wp\/v2\/media\/1638"}],"wp:attachment":[{"href":"https:\/\/ppgecpan.ufms.br\/es\/wp-json\/wp\/v2\/media?parent=1350"}],"wp:term":[{"taxonomy":"category","embeddable":true,"href":"https:\/\/ppgecpan.ufms.br\/es\/wp-json\/wp\/v2\/categories?post=1350"},{"taxonomy":"post_tag","embeddable":true,"href":"https:\/\/ppgecpan.ufms.br\/es\/wp-json\/wp\/v2\/tags?post=1350"},{"taxonomy":"author","embeddable":true,"href":"https:\/\/ppgecpan.ufms.br\/es\/wp-json\/wp\/v2\/coauthors?post=1350"}],"curies":[{"name":"wp","href":"https:\/\/api.w.org\/{rel}","templated":true}]}}