{"id":1354,"date":"2014-11-30T09:33:11","date_gmt":"2014-11-30T13:33:11","guid":{"rendered":"http:\/\/ppgecpan.draconis.ufms.br\/?p=1354"},"modified":"2016-03-13T17:37:25","modified_gmt":"2016-03-13T21:37:25","slug":"1354-2","status":"publish","type":"post","link":"https:\/\/ppgecpan.ufms.br\/es\/1354-2\/","title":{"rendered":"Convite: I Semin\u00e1rio dos grupos de pesquisa (CNPq) em Educa\u00e7\u00e3o Especial de Mato Grosso do Sul"},"content":{"rendered":"<p>Nos dias 01 e 02\/12\/2014 ocorrer\u00e1 o I Semin\u00e1rio em Educa\u00e7\u00e3o Especial com os grupos de pesquisa de Mato Grosso do Sul, organizado pelas professoras Celi Corr\u00eaa Neres e Nesdete Mesquita Corr\u00eaa.<\/p>\n<p>Programa\u00e7\u00e3o:<\/p>\n<p><strong>Dia 01. 12.2014<\/strong><\/p>\n<p><strong>19:00- <\/strong>Confer\u00eancia de abertura: <strong>A pesquisa em educa\u00e7\u00e3o especial: interfaces com os diferentes eixos da educa\u00e7\u00e3o b\u00e1sica<\/strong><\/p>\n<p>Profa. Dra. Lucia Helena Reily (UNICAMP)<\/p>\n<p><strong>Local<\/strong>: Unidade III(Antiga Alfandega) UFMS\/ CPAN-Corumb\u00e1 &#8211; MS<\/p>\n<p>&nbsp;<\/p>\n<p><strong>Dia 02.12.2014<\/strong><\/p>\n<p><strong>8:00 \u00e0s 10:00- <\/strong>Apresenta\u00e7\u00e3o dos grupos de pesquisa da UEMS, UFMS\/Campo Grande e UFMS\/Campus Corumb\u00e1<\/p>\n<p><strong>10:30 \u00e0s 12:30- <\/strong>\u00a0Apresenta\u00e7\u00e3o dos grupos de pesquisa da UFGD, UCDB<\/p>\n<p><strong>14:00 &#8211;<\/strong> Plen\u00e1ria com apontamentos sobre as tem\u00e1ticas dos grupos em cada institui\u00e7\u00e3o.<\/p>\n<p><strong>Local<\/strong>: Unidade III (Antiga Alfandega) UFMS\/ CPAN-Corumb\u00e1 &#8211; MS<\/p>\n","protected":false},"excerpt":{"rendered":"<p>Nos dias 01 e 02\/12\/2014 ocorrer\u00e1 o I Semin\u00e1rio em Educa\u00e7\u00e3o Especial com os grupos de pesquisa de Mato Grosso do Sul, organizado pelas professoras Celi Corr\u00eaa Neres e Nesdete Mesquita Corr\u00eaa. Programa\u00e7\u00e3o: Dia 01. 12.2014 19:00- Confer\u00eancia de abertura: A pesquisa em educa\u00e7\u00e3o especial: interfaces com os diferentes eixos da educa\u00e7\u00e3o b\u00e1sica Profa. Dra. [&hellip;]<\/p>\n","protected":false},"author":2660,"featured_media":1593,"comment_status":"closed","ping_status":"open","sticky":false,"template":"","format":"standard","meta":{"footnotes":""},"categories":[10,38],"tags":[],"coauthors":[],"class_list":["post-1354","post","type-post","status-publish","format-standard","has-post-thumbnail","hentry","category-eventos","category-eventos-internos"],"_links":{"self":[{"href":"https:\/\/ppgecpan.ufms.br\/es\/wp-json\/wp\/v2\/posts\/1354","targetHints":{"allow":["GET"]}}],"collection":[{"href":"https:\/\/ppgecpan.ufms.br\/es\/wp-json\/wp\/v2\/posts"}],"about":[{"href":"https:\/\/ppgecpan.ufms.br\/es\/wp-json\/wp\/v2\/types\/post"}],"author":[{"embeddable":true,"href":"https:\/\/ppgecpan.ufms.br\/es\/wp-json\/wp\/v2\/users\/2660"}],"replies":[{"embeddable":true,"href":"https:\/\/ppgecpan.ufms.br\/es\/wp-json\/wp\/v2\/comments?post=1354"}],"version-history":[{"count":5,"href":"https:\/\/ppgecpan.ufms.br\/es\/wp-json\/wp\/v2\/posts\/1354\/revisions"}],"predecessor-version":[{"id":1628,"href":"https:\/\/ppgecpan.ufms.br\/es\/wp-json\/wp\/v2\/posts\/1354\/revisions\/1628"}],"wp:featuredmedia":[{"embeddable":true,"href":"https:\/\/ppgecpan.ufms.br\/es\/wp-json\/wp\/v2\/media\/1593"}],"wp:attachment":[{"href":"https:\/\/ppgecpan.ufms.br\/es\/wp-json\/wp\/v2\/media?parent=1354"}],"wp:term":[{"taxonomy":"category","embeddable":true,"href":"https:\/\/ppgecpan.ufms.br\/es\/wp-json\/wp\/v2\/categories?post=1354"},{"taxonomy":"post_tag","embeddable":true,"href":"https:\/\/ppgecpan.ufms.br\/es\/wp-json\/wp\/v2\/tags?post=1354"},{"taxonomy":"author","embeddable":true,"href":"https:\/\/ppgecpan.ufms.br\/es\/wp-json\/wp\/v2\/coauthors?post=1354"}],"curies":[{"name":"wp","href":"https:\/\/api.w.org\/{rel}","templated":true}]}}