{"id":1382,"date":"2016-01-22T11:05:59","date_gmt":"2016-01-22T15:05:59","guid":{"rendered":"http:\/\/ppgecpan.draconis.ufms.br\/?p=1382"},"modified":"2016-03-21T19:03:08","modified_gmt":"2016-03-21T23:03:08","slug":"1382-2","status":"publish","type":"post","link":"https:\/\/ppgecpan.ufms.br\/es\/1382-2\/","title":{"rendered":"XII Encontro Internacional de Educa\u00e7\u00e3o Inicial e Preescolar"},"content":{"rendered":"<p style=\"text-align: left\"><span style=\"font-size: small\">O Minist\u00e9rio de Educa\u00e7\u00e3o da Republica de Cuba, o Centro de Referencia Latino Americano para a Educa\u00e7\u00e3o preescolar (CELEP) e o Grupo de Intercambio Cientifico Educacional (ICE) convocam para o Encontro Internacional de Educa\u00e7\u00e3o inicial e pr\u00e9 escolar que ter\u00e1 como tema\u00a0 &#8211; Da gesta\u00e7\u00e3o ao futuro &#8211; Diversidade cultural e desenvolvimento integral de 11 a 15 de Julho de 2016 em Havana &#8211; Cuba\u00a0<\/span><\/p>\n<p><span style=\"font-size: small\">\u00c9 uma satisfa\u00e7\u00e3o para os organizadores deste evento refletir junto com os participantes acerca das solu\u00e7\u00f5es e problemas de interesse comum em torno da diversidade cultural e do desenvolvimento integral na primeira inf\u00e2ncia com temas importantes sobre a diversidade cultural e o desenvolvimento integral, tomando-se em conta desde a gesta\u00e7\u00e3o, onde a educa\u00e7\u00e3o j\u00e1 \u00e9 uma preocupa\u00e7\u00e3o no Sistema de Educa\u00e7\u00e3o Cubano .\u00a0<\/span><\/p>\n<p><span style=\"font-size: small\"><span style=\"font-family: tahoma, arial, verdana, sans-serif\">Cuba &#8211; \u00a0segundo a UNESCO, lidera \u00a0o ranking em Educa\u00e7\u00e3o na America Latina, considerado um Pais em\u00a0excel\u00eancia\u00a0na Educa\u00e7\u00e3o.\u00a0<\/span><\/span><\/p>\n<p><span style=\"font-size: small\"><span style=\"font-family: tahoma, arial, verdana, sans-serif\">As informa\u00e7\u00f5es sobre este Evento e a participa\u00e7\u00e3o com trabalhos acad\u00eamicos podem ser obtidas no site abaixo\u00a0<\/span><\/span><\/p>\n<p><span style=\"font-family: tahoma, arial, verdana, sans-serif\"><a href=\"http:\/\/www.lionstours.com.br\/page_335.html\" target=\"_blank\">http:\/\/www.lionstours.com.br\/page_335.html<\/a><\/span><\/p>\n<p><span style=\"font-family: tahoma, arial, verdana, sans-serif\">Esperamos contar com a sua participa\u00e7\u00e3o no Evento.\u00a0<\/span><\/p>\n<p>&nbsp;<\/p>\n<p>Lionstours Feiras e Congressos<br \/>\nEscritorio Brasil &#8211; Telefones 019 35837498\u00a0 &#8211; 011 971708623<br \/>\nEscritorio Cuba\u00a0\u00a0 &#8211; Tel. 537 &#8211; 2065088<br \/>\n<a href=\"http:\/\/www.lionstours.com.br\/\" target=\"_blank\">www.lionstours.com.br<\/a><\/p>\n","protected":false},"excerpt":{"rendered":"<p>O Minist\u00e9rio de Educa\u00e7\u00e3o da Republica de Cuba, o Centro de Referencia Latino Americano para a Educa\u00e7\u00e3o preescolar (CELEP) e o Grupo de Intercambio Cientifico Educacional (ICE) convocam para o Encontro Internacional de Educa\u00e7\u00e3o inicial e pr\u00e9 escolar que ter\u00e1 como tema\u00a0 &#8211; Da gesta\u00e7\u00e3o ao futuro &#8211; Diversidade cultural e desenvolvimento integral de 11 [&hellip;]<\/p>\n","protected":false},"author":2660,"featured_media":1634,"comment_status":"closed","ping_status":"open","sticky":false,"template":"","format":"standard","meta":{"footnotes":""},"categories":[10,39,1],"tags":[],"coauthors":[],"class_list":["post-1382","post","type-post","status-publish","format-standard","has-post-thumbnail","hentry","category-eventos","category-eventos-externos","category-noticias"],"_links":{"self":[{"href":"https:\/\/ppgecpan.ufms.br\/es\/wp-json\/wp\/v2\/posts\/1382","targetHints":{"allow":["GET"]}}],"collection":[{"href":"https:\/\/ppgecpan.ufms.br\/es\/wp-json\/wp\/v2\/posts"}],"about":[{"href":"https:\/\/ppgecpan.ufms.br\/es\/wp-json\/wp\/v2\/types\/post"}],"author":[{"embeddable":true,"href":"https:\/\/ppgecpan.ufms.br\/es\/wp-json\/wp\/v2\/users\/2660"}],"replies":[{"embeddable":true,"href":"https:\/\/ppgecpan.ufms.br\/es\/wp-json\/wp\/v2\/comments?post=1382"}],"version-history":[{"count":6,"href":"https:\/\/ppgecpan.ufms.br\/es\/wp-json\/wp\/v2\/posts\/1382\/revisions"}],"predecessor-version":[{"id":1635,"href":"https:\/\/ppgecpan.ufms.br\/es\/wp-json\/wp\/v2\/posts\/1382\/revisions\/1635"}],"wp:featuredmedia":[{"embeddable":true,"href":"https:\/\/ppgecpan.ufms.br\/es\/wp-json\/wp\/v2\/media\/1634"}],"wp:attachment":[{"href":"https:\/\/ppgecpan.ufms.br\/es\/wp-json\/wp\/v2\/media?parent=1382"}],"wp:term":[{"taxonomy":"category","embeddable":true,"href":"https:\/\/ppgecpan.ufms.br\/es\/wp-json\/wp\/v2\/categories?post=1382"},{"taxonomy":"post_tag","embeddable":true,"href":"https:\/\/ppgecpan.ufms.br\/es\/wp-json\/wp\/v2\/tags?post=1382"},{"taxonomy":"author","embeddable":true,"href":"https:\/\/ppgecpan.ufms.br\/es\/wp-json\/wp\/v2\/coauthors?post=1382"}],"curies":[{"name":"wp","href":"https:\/\/api.w.org\/{rel}","templated":true}]}}