{"id":1391,"date":"2016-02-03T05:46:55","date_gmt":"2016-02-03T09:46:55","guid":{"rendered":"http:\/\/ppgecpan.draconis.ufms.br\/?p=1391"},"modified":"2016-03-17T16:35:17","modified_gmt":"2016-03-17T20:35:17","slug":"1391-2","status":"publish","type":"post","link":"https:\/\/ppgecpan.ufms.br\/es\/1391-2\/","title":{"rendered":"Convoca\u00e7\u00e3o para o V Congresso Ibero Americano &#8211; ANPAE"},"content":{"rendered":"<p>Goi\u00e2nia, 01 de fevereiro de 2016<\/p>\n<p>Prezado\/a Associado\/a,<\/p>\n<p>A Presid\u00eancia da Anpae, mantendo o contato direto com seus associados, traz algumas informa\u00e7\u00f5es importantes sobre as atividades que ser\u00e3o desenvolvidas no ano de 2016, conforme Plano Estrat\u00e9gio da Anpae 2015-2017 (<a href=\"http:\/\/anpae11.mktnaweb.com\/registra_clique.php?id=H%7C716479%7C215070%7C2087&amp;url=http%3A%2F%2Fwww.anpae.org.br%2F\">www.anpae.org.br\/<\/a>).<\/p>\n<p>Nesse ano vamos realizar o <strong>V Congresso Ibero-Americano de Pol\u00edtica e Administra\u00e7\u00e3o da Educa\u00e7\u00e3o \/ VIII Congresso Luso-Brasileiro de Pol\u00edtica e Administra\u00e7\u00e3o da Educa\u00e7\u00e3o<\/strong>, no <strong>per\u00edodo de 14 a 16\/09\/2016<\/strong>, na cidade de\u00a0<strong>Goi\u00e2nia<\/strong>, em parceria com os F\u00f3runs Portugu\u00eas e Espanhol de Administra\u00e7\u00e3o da Educa\u00e7\u00e3o. O tema central ser\u00e1: <strong><em>Pol\u00edtica e Gest\u00e3o da Educa\u00e7\u00e3o: discursos globais e pr\u00e1ticas locais<\/em><\/strong>. Nos pr\u00f3ximos dias o site do Congresso ser\u00e1 disponibilizado no Portal da Anpae, j\u00e1 pronto para receber inscri\u00e7\u00f5es <strong>com <\/strong>e <strong>sem<\/strong> apresenta\u00e7\u00e3o de Trabalho\/P\u00f4ster. Veja algumas datas importantes e agende:<\/p>\n<table width=\"623\">\n<tbody>\n<tr>\n<td width=\"134\"><strong>DATA<\/strong><\/td>\n<td width=\"489\"><strong>INFORMA\u00c7\u00c3O<\/strong><\/td>\n<\/tr>\n<tr>\n<td width=\"134\"><strong>01\/01\/2016<\/strong><\/td>\n<td width=\"489\">In\u00edcio da quita\u00e7\u00e3o da anuidade Anpae de 2016<\/td>\n<\/tr>\n<tr>\n<td width=\"134\"><strong>15\/02\/2016*<\/strong><\/td>\n<td width=\"489\">In\u00edcio da Inscri\u00e7\u00e3o no Congresso <strong>com <\/strong>e <strong>sem<\/strong> apresenta\u00e7\u00e3o de Trabalho\/P\u00f4ster<\/td>\n<\/tr>\n<tr>\n<td width=\"134\"><strong>10\/04\/2016*<\/strong><\/td>\n<td width=\"489\">Limite para quita\u00e7\u00e3o da anuidade 2016 e Inscri\u00e7\u00e3o no Congresso <strong>com<\/strong>apresenta\u00e7\u00e3o de Comunica\u00e7\u00e3o Oral ou P\u00f4ster<\/td>\n<\/tr>\n<tr>\n<td width=\"134\"><strong>14\/09\/2015<\/strong><\/td>\n<td width=\"489\">Limite para Inscri\u00e7\u00e3o no Congresso <strong>sem<\/strong> apresenta\u00e7\u00e3o de trabalho<\/td>\n<\/tr>\n<tr>\n<td width=\"134\"><strong>01\/08\/2016<\/strong><\/td>\n<td width=\"489\">Divulga\u00e7\u00e3o do Programa Oficial do Congresso<\/td>\n<\/tr>\n<tr>\n<td colspan=\"2\" width=\"623\"><\/td>\n<\/tr>\n<tr>\n<td width=\"134\"><strong>12 e 13\/09\/2016<\/strong><\/td>\n<td width=\"489\">Chegada dos participantes em Goi\u00e2nia e hospedagem<\/td>\n<\/tr>\n<tr>\n<td width=\"134\"><strong>14 a<\/strong><strong> 16\/09\/2016<\/strong><\/td>\n<td width=\"489\">Realiza\u00e7\u00e3o do Programa acad\u00eamico do Congresso<\/td>\n<\/tr>\n<\/tbody>\n<\/table>\n<p>* \u00c9 obrigat\u00f3rio o pagamento da Anuidade da Anpae e da Inscri\u00e7\u00e3o no Congresso para envio de trabalho<\/p>\n<p>no per\u00edodo de 15\/02 a 10\/04\/2016.<\/p>\n<p>Antes disso, por\u00e9m, vamos realizar os <strong>Semin\u00e1rios Regionais da ANPAE no I Semestre de 2016<\/strong>. Agende e Participe do Semin\u00e1rio de sua Regi\u00e3o. Em breve divulgaremos mais not\u00edcias no Portal da Anpae. Acompanhe!<\/p>\n<table>\n<tbody>\n<tr>\n<td width=\"141\"><strong>Regi\u00e3o<\/strong><\/td>\n<td width=\"192\"><strong>Local<\/strong><\/td>\n<td width=\"158\"><strong>Per\u00edodo<\/strong><\/td>\n<\/tr>\n<tr>\n<td width=\"141\">Sul<\/td>\n<td width=\"192\">Chapeco \/SC<\/td>\n<td width=\"158\">23 a 25\/05\/2016<\/td>\n<\/tr>\n<tr>\n<td width=\"141\">Nordeste<\/td>\n<td width=\"192\">Natal &#8211; RN<\/td>\n<td width=\"158\">01 a 03\/06\/2016<\/td>\n<\/tr>\n<tr>\n<td width=\"141\">Sudeste<\/td>\n<td width=\"192\">Uberl\u00e2ndia\/MG<\/td>\n<td width=\"158\">08 a 10\/06\/2016<\/td>\n<\/tr>\n<tr>\n<td width=\"141\">Centro Oeste<\/td>\n<td width=\"192\">Campo Grande &#8211; MS<\/td>\n<td width=\"158\">14 a 16\/06\/2016<\/td>\n<\/tr>\n<tr>\n<td width=\"141\">Norte<\/td>\n<td width=\"192\">Bel\u00e9m\/PA<\/td>\n<td width=\"158\">22 a 24\/06\/2016<\/td>\n<\/tr>\n<\/tbody>\n<\/table>\n<p>A revista da Anpae (RBPAE), que conta tamb\u00e9m com <strong>ISSN 2447-4193<\/strong> para a <strong>publica\u00e7\u00e3o online<\/strong><em>(<a href=\"http:\/\/seer.ufrgs.br\/rbpae\">http:\/\/seer.ufrgs.br\/rbpae<\/a>)<\/em> tem sido enviada para todos os associados quites, conforme o ano de pagamento.<\/p>\n<p>Queremos contar com voc\u00ea como Associado (a) da Anpae 2016. Gere seu Boleto diretamente no site da Anpae e pague sua anuidade 2016. Acesse: <a href=\"http:\/\/www.anpae.org.br\/website\/inscricao\/inscricao.php\">http:\/\/www.anpae.org.br\/website\/inscricao\/inscricao.php<\/a><\/p>\n<p>Contamos com sua participa\u00e7\u00e3o. <strong>Ganhe descontos nos eventos cient\u00edficos da Anpae pagando sua anuidade 2016. Al\u00e9m disso, como associado(a) quites 2016 voc\u00ea receber\u00e1 tamb\u00e9m os 3(tr\u00eas) exemplares da Revista (RBPAE) <\/strong><strong>do<\/strong><strong> corrente ano.<\/strong><\/p>\n<p>Sua participa\u00e7\u00e3o \u00e9 muito importante para o fortalecimento da nossa Associa\u00e7\u00e3o. Esperamos que, com sua colabora\u00e7\u00e3o, possamos colocar em pr\u00e1tica todos os objetivos e a\u00e7\u00f5es previstas no Plano Estrat\u00e9gico para o Bi\u00eanio 2015-2017.<\/p>\n<p>Atenciosamente<\/p>\n<p>&nbsp;<\/p>\n<p>Presidente da Anpae<\/p>\n<p>Prof. Jo\u00e3o Ferreira de Oliveira<\/p>\n","protected":false},"excerpt":{"rendered":"<p>Goi\u00e2nia, 01 de fevereiro de 2016 Prezado\/a Associado\/a, A Presid\u00eancia da Anpae, mantendo o contato direto com seus associados, traz algumas informa\u00e7\u00f5es importantes sobre as atividades que ser\u00e3o desenvolvidas no ano de 2016, conforme Plano Estrat\u00e9gio da Anpae 2015-2017 (www.anpae.org.br\/). Nesse ano vamos realizar o V Congresso Ibero-Americano de Pol\u00edtica e Administra\u00e7\u00e3o da Educa\u00e7\u00e3o \/ [&hellip;]<\/p>\n","protected":false},"author":2660,"featured_media":1652,"comment_status":"closed","ping_status":"open","sticky":false,"template":"","format":"standard","meta":{"footnotes":""},"categories":[10,39,1],"tags":[],"coauthors":[],"class_list":["post-1391","post","type-post","status-publish","format-standard","has-post-thumbnail","hentry","category-eventos","category-eventos-externos","category-noticias"],"_links":{"self":[{"href":"https:\/\/ppgecpan.ufms.br\/es\/wp-json\/wp\/v2\/posts\/1391","targetHints":{"allow":["GET"]}}],"collection":[{"href":"https:\/\/ppgecpan.ufms.br\/es\/wp-json\/wp\/v2\/posts"}],"about":[{"href":"https:\/\/ppgecpan.ufms.br\/es\/wp-json\/wp\/v2\/types\/post"}],"author":[{"embeddable":true,"href":"https:\/\/ppgecpan.ufms.br\/es\/wp-json\/wp\/v2\/users\/2660"}],"replies":[{"embeddable":true,"href":"https:\/\/ppgecpan.ufms.br\/es\/wp-json\/wp\/v2\/comments?post=1391"}],"version-history":[{"count":3,"href":"https:\/\/ppgecpan.ufms.br\/es\/wp-json\/wp\/v2\/posts\/1391\/revisions"}],"predecessor-version":[{"id":1657,"href":"https:\/\/ppgecpan.ufms.br\/es\/wp-json\/wp\/v2\/posts\/1391\/revisions\/1657"}],"wp:featuredmedia":[{"embeddable":true,"href":"https:\/\/ppgecpan.ufms.br\/es\/wp-json\/wp\/v2\/media\/1652"}],"wp:attachment":[{"href":"https:\/\/ppgecpan.ufms.br\/es\/wp-json\/wp\/v2\/media?parent=1391"}],"wp:term":[{"taxonomy":"category","embeddable":true,"href":"https:\/\/ppgecpan.ufms.br\/es\/wp-json\/wp\/v2\/categories?post=1391"},{"taxonomy":"post_tag","embeddable":true,"href":"https:\/\/ppgecpan.ufms.br\/es\/wp-json\/wp\/v2\/tags?post=1391"},{"taxonomy":"author","embeddable":true,"href":"https:\/\/ppgecpan.ufms.br\/es\/wp-json\/wp\/v2\/coauthors?post=1391"}],"curies":[{"name":"wp","href":"https:\/\/api.w.org\/{rel}","templated":true}]}}