{"id":1408,"date":"2016-02-15T20:37:53","date_gmt":"2016-02-16T00:37:53","guid":{"rendered":"http:\/\/ppgecpan.draconis.ufms.br\/?p=1408"},"modified":"2016-03-13T19:51:35","modified_gmt":"2016-03-13T23:51:35","slug":"1408-2","status":"publish","type":"post","link":"https:\/\/ppgecpan.ufms.br\/es\/1408-2\/","title":{"rendered":"Endipe 2016"},"content":{"rendered":"<table border=\"0\" width=\"100%\" cellspacing=\"0\" cellpadding=\"0\">\n<tbody>\n<tr>\n<td valign=\"top\">\n<table border=\"0\" width=\"100%\" cellspacing=\"0\" cellpadding=\"0\">\n<tbody>\n<tr>\n<td valign=\"top\">\n<table border=\"0\" width=\"100%\" cellspacing=\"0\" cellpadding=\"0\" align=\"left\">\n<tbody>\n<tr>\n<td valign=\"top\">\n<h1><b><span style=\"color: #ff0000\">XVIII Endipe encerra chamada de trabalhos dia 29 de fevereiro!<\/span><\/b><\/h1>\n<\/td>\n<\/tr>\n<\/tbody>\n<\/table>\n<\/td>\n<\/tr>\n<\/tbody>\n<\/table>\n<\/td>\n<\/tr>\n<tr>\n<td valign=\"top\">\n<table border=\"0\" width=\"100%\" cellspacing=\"0\" cellpadding=\"0\">\n<tbody>\n<tr>\n<td valign=\"top\">\n<table border=\"0\" width=\"100%\" cellspacing=\"0\" cellpadding=\"0\" align=\"left\">\n<tbody>\n<tr>\n<td valign=\"top\">\n<div>O evento vai acontecer de 23 a 26 de agosto de 2016, em Cuiab\u00e1, Mato Grosso e a \u00a0chamada de trabalhos encerra dia 29 de fevereiro. N\u00e3o perca tempo.<\/div>\n<div><span style=\"color: #202020\"><br \/>\n<\/span><b><span style=\"color: #000000\">O tema central do Endipe 2016 \u00e9:<\/span><\/b><\/div>\n<div><span style=\"color: #000000\"><b><br \/>\n<\/b><b><span style=\"font-size: large\">Did\u00e1tica e pr\u00e1tica de ensino no contexto pol\u00edtico contempor\u00e2neo:<br \/>\ncenas da educa\u00e7\u00e3o\u00a0brasileira<\/span><\/b><\/span><\/div>\n<div><b>Os eixos tem\u00e1ticos s\u00e3o tr\u00eas, cada um dividido em tr\u00eas subeixos:<\/b><\/div>\n<div><\/div>\n<div><b>Eixo Tem\u00e1tico 1 &#8211; Did\u00e1tica e pr\u00e1tica de ensino: desdobramentos em cenas\u00a0na educa\u00e7\u00e3o p\u00fablica<\/b><br \/>\nSubeixo 1 \u2013 Did\u00e1tica: rela\u00e7\u00e3o teoria\/pr\u00e1tica na forma\u00e7\u00e3o escolar<br \/>\nSubeixo 2 \u2013 Pr\u00e1ticas pedag\u00f3gicas: constitui\u00e7\u00e3o da doc\u00eancia em outros olhares<br \/>\nSubeixo 3 \u2013 Modos do ensinar e aprender em experi\u00eancias<\/div>\n<div><\/div>\n<div><b>Eixo Tem\u00e1tico 2 &#8211; Did\u00e1tica, profiss\u00e3o docente e pol\u00edticas p\u00fablicas<\/b><br \/>\nSubeixo 1 \u2013 Did\u00e1tica, saberes e experi\u00eancias formativas nos diferentes n\u00edveis educativos<br \/>\nSubeixo 2 \u2013 Did\u00e1tica, curr\u00edculo e avalia\u00e7\u00e3o<br \/>\nSubeixo 3 \u2013 Pol\u00edticas p\u00fablicas, forma\u00e7\u00e3o continuada\/desenvolvimento profissional docente<\/div>\n<div><\/div>\n<div><b>Eixo Tem\u00e1tico 3 &#8211; Did\u00e1tica e pr\u00e1tica de ensino nas diversidades educacionais<\/b><br \/>\nSubeixo 1 \u2013 Did\u00e1tica e pr\u00e1tica de ensino nos di\u00e1logos de saberes, curr\u00edculos e culturas<br \/>\nSubeixo 2 \u2013 Did\u00e1tica e pr\u00e1tica de ensino na inclus\u00e3o e no reconhecimento de saberes<br \/>\nSubeixo 3 \u2013 Did\u00e1tica e pr\u00e1tica de ensino nos desafios e nas cria\u00e7\u00f5es do contempor\u00e2neo<\/div>\n<\/td>\n<\/tr>\n<\/tbody>\n<\/table>\n<\/td>\n<\/tr>\n<\/tbody>\n<\/table>\n<\/td>\n<\/tr>\n<tr>\n<td valign=\"top\">\n<table border=\"0\" width=\"100%\" cellspacing=\"0\" cellpadding=\"0\">\n<tbody>\n<tr>\n<td valign=\"top\">\n<table border=\"0\" width=\"100%\" cellspacing=\"0\" cellpadding=\"0\" align=\"left\">\n<tbody>\n<tr>\n<td valign=\"top\">\n<div><b>Fa\u00e7a sua inscri\u00e7\u00e3o em\u00a0<\/b><a href=\"http:\/\/www.ufmt.br\/endipe2016\" target=\"_blank\"><b>www.ufmt.br\/endipe2016<\/b><\/a><b>\u00a0\u00a0\u00a0e acompanhe todas as novidades pelas redes sociais. (\u00a0<\/b><a href=\"http:\/\/www.facebook.com\/endipe2016cuiaba\" target=\"_blank\"><b>www.facebook.com\/endipe2016cuiaba<\/b><\/a><b>)<\/b><\/div>\n<div><\/div>\n<div>Para acessar ao folder do evento, clique <a href=\"http:\/\/ppgecpan.draconis.ufms.br\/files\/2016\/02\/folder-impresso-2.pdf\" target=\"_blank\">aqui<\/a>.<\/div>\n<\/td>\n<\/tr>\n<\/tbody>\n<\/table>\n<\/td>\n<\/tr>\n<\/tbody>\n<\/table>\n<\/td>\n<\/tr>\n<\/tbody>\n<\/table>\n","protected":false},"excerpt":{"rendered":"<p>XVIII Endipe encerra chamada de trabalhos dia 29 de fevereiro! O evento vai acontecer de 23 a 26 de agosto de 2016, em Cuiab\u00e1, Mato Grosso e a \u00a0chamada de trabalhos encerra dia 29 de fevereiro. N\u00e3o perca tempo. O tema central do Endipe 2016 \u00e9: Did\u00e1tica e pr\u00e1tica de ensino no contexto pol\u00edtico contempor\u00e2neo: [&hellip;]<\/p>\n","protected":false},"author":2660,"featured_media":1643,"comment_status":"closed","ping_status":"open","sticky":false,"template":"","format":"standard","meta":{"footnotes":""},"categories":[10,39,29],"tags":[],"coauthors":[],"class_list":["post-1408","post","type-post","status-publish","format-standard","has-post-thumbnail","hentry","category-eventos","category-eventos-externos","category-novidades"],"_links":{"self":[{"href":"https:\/\/ppgecpan.ufms.br\/es\/wp-json\/wp\/v2\/posts\/1408","targetHints":{"allow":["GET"]}}],"collection":[{"href":"https:\/\/ppgecpan.ufms.br\/es\/wp-json\/wp\/v2\/posts"}],"about":[{"href":"https:\/\/ppgecpan.ufms.br\/es\/wp-json\/wp\/v2\/types\/post"}],"author":[{"embeddable":true,"href":"https:\/\/ppgecpan.ufms.br\/es\/wp-json\/wp\/v2\/users\/2660"}],"replies":[{"embeddable":true,"href":"https:\/\/ppgecpan.ufms.br\/es\/wp-json\/wp\/v2\/comments?post=1408"}],"version-history":[{"count":5,"href":"https:\/\/ppgecpan.ufms.br\/es\/wp-json\/wp\/v2\/posts\/1408\/revisions"}],"predecessor-version":[{"id":1426,"href":"https:\/\/ppgecpan.ufms.br\/es\/wp-json\/wp\/v2\/posts\/1408\/revisions\/1426"}],"wp:featuredmedia":[{"embeddable":true,"href":"https:\/\/ppgecpan.ufms.br\/es\/wp-json\/wp\/v2\/media\/1643"}],"wp:attachment":[{"href":"https:\/\/ppgecpan.ufms.br\/es\/wp-json\/wp\/v2\/media?parent=1408"}],"wp:term":[{"taxonomy":"category","embeddable":true,"href":"https:\/\/ppgecpan.ufms.br\/es\/wp-json\/wp\/v2\/categories?post=1408"},{"taxonomy":"post_tag","embeddable":true,"href":"https:\/\/ppgecpan.ufms.br\/es\/wp-json\/wp\/v2\/tags?post=1408"},{"taxonomy":"author","embeddable":true,"href":"https:\/\/ppgecpan.ufms.br\/es\/wp-json\/wp\/v2\/coauthors?post=1408"}],"curies":[{"name":"wp","href":"https:\/\/api.w.org\/{rel}","templated":true}]}}