{"id":1414,"date":"2016-02-19T12:00:11","date_gmt":"2016-02-19T16:00:11","guid":{"rendered":"http:\/\/ppgecpan.draconis.ufms.br\/?p=1414"},"modified":"2016-03-04T15:27:19","modified_gmt":"2016-03-04T19:27:19","slug":"1414-2","status":"publish","type":"post","link":"https:\/\/ppgecpan.ufms.br\/es\/1414-2\/","title":{"rendered":"Convite: Palestra Prof. Jos\u00e9 Carlos Lib\u00e2neo e atividades do GEPEFE"},"content":{"rendered":"<div><\/div>\n<div>\n<div>\n<p>O PPGE tem o prazer de informar que nos dias <strong>02 e 03 de mar\u00e7o<\/strong> receber\u00e1 o professor Dr. <strong>Jos\u00e9 Carlos Lib\u00e2neo<\/strong>.<\/p>\n<p>Segue a programa\u00e7\u00e3o completa das atividades:<\/p>\n<p>&nbsp;<\/p>\n<p><strong>Dia: 02 de mar\u00e7o de 2016<\/strong><\/p>\n<p>Hor\u00e1rio: 18h30min.<\/p>\n<p>Local:\u00a0Anfiteatro Salom\u00e3o Baruki<\/p>\n<p>Atividade: Palestra com o t\u00edtulo: &#8220;Pol\u00edticas p\u00fablicas para a escola e repercuss\u00e3o nas pr\u00e1ticas de ensino&#8221;.<\/p>\n<p><strong>As inscri\u00e7\u00f5es ser\u00e3o\u00a0realizadas no local<\/strong>.<\/p>\n<p>&nbsp;<\/p>\n<p><strong>Dia: 03 de mar\u00e7o de 2016<\/strong><\/p>\n<p>Hor\u00e1rio: 14h00<\/p>\n<p>Local:\u00a0Sala B-04 &#8211; Unidade III (Antiga Alf\u00e2ndega)<\/p>\n<p>Atividade proposta pelo GEPEFE (Grupo de Estudos e Pesquisas em Pol\u00edticas Educacionais, Forma\u00e7\u00e3o Docente e Educa\u00e7\u00e3o): &#8220;ORGANISMOS INTERNACIONAIS E POL\u00cdTICAS PARA A EDUCA\u00c7\u00c3O: Repercuss\u00f5es na escola&#8221;.<\/p>\n<p>&nbsp;<\/p>\n<p>Contamos com a participa\u00e7\u00e3o de todos\/as.<\/p>\n<p>PPGE\/CPAN<\/p>\n<\/div>\n<\/div>\n","protected":false},"excerpt":{"rendered":"<p>O PPGE tem o prazer de informar que nos dias 02 e 03 de mar\u00e7o receber\u00e1 o professor Dr. Jos\u00e9 Carlos Lib\u00e2neo. Segue a programa\u00e7\u00e3o completa das atividades: &nbsp; Dia: 02 de mar\u00e7o de 2016 Hor\u00e1rio: 18h30min. Local:\u00a0Anfiteatro Salom\u00e3o Baruki Atividade: Palestra com o t\u00edtulo: &#8220;Pol\u00edticas p\u00fablicas para a escola e repercuss\u00e3o nas pr\u00e1ticas de [&hellip;]<\/p>\n","protected":false},"author":2660,"featured_media":968,"comment_status":"closed","ping_status":"open","sticky":false,"template":"","format":"standard","meta":{"footnotes":""},"categories":[10,38,1],"tags":[],"coauthors":[],"class_list":["post-1414","post","type-post","status-publish","format-standard","has-post-thumbnail","hentry","category-eventos","category-eventos-internos","category-noticias"],"_links":{"self":[{"href":"https:\/\/ppgecpan.ufms.br\/es\/wp-json\/wp\/v2\/posts\/1414","targetHints":{"allow":["GET"]}}],"collection":[{"href":"https:\/\/ppgecpan.ufms.br\/es\/wp-json\/wp\/v2\/posts"}],"about":[{"href":"https:\/\/ppgecpan.ufms.br\/es\/wp-json\/wp\/v2\/types\/post"}],"author":[{"embeddable":true,"href":"https:\/\/ppgecpan.ufms.br\/es\/wp-json\/wp\/v2\/users\/2660"}],"replies":[{"embeddable":true,"href":"https:\/\/ppgecpan.ufms.br\/es\/wp-json\/wp\/v2\/comments?post=1414"}],"version-history":[{"count":18,"href":"https:\/\/ppgecpan.ufms.br\/es\/wp-json\/wp\/v2\/posts\/1414\/revisions"}],"predecessor-version":[{"id":1449,"href":"https:\/\/ppgecpan.ufms.br\/es\/wp-json\/wp\/v2\/posts\/1414\/revisions\/1449"}],"wp:featuredmedia":[{"embeddable":true,"href":"https:\/\/ppgecpan.ufms.br\/es\/wp-json\/wp\/v2\/media\/968"}],"wp:attachment":[{"href":"https:\/\/ppgecpan.ufms.br\/es\/wp-json\/wp\/v2\/media?parent=1414"}],"wp:term":[{"taxonomy":"category","embeddable":true,"href":"https:\/\/ppgecpan.ufms.br\/es\/wp-json\/wp\/v2\/categories?post=1414"},{"taxonomy":"post_tag","embeddable":true,"href":"https:\/\/ppgecpan.ufms.br\/es\/wp-json\/wp\/v2\/tags?post=1414"},{"taxonomy":"author","embeddable":true,"href":"https:\/\/ppgecpan.ufms.br\/es\/wp-json\/wp\/v2\/coauthors?post=1414"}],"curies":[{"name":"wp","href":"https:\/\/api.w.org\/{rel}","templated":true}]}}