{"id":1416,"date":"2016-02-15T20:52:21","date_gmt":"2016-02-16T00:52:21","guid":{"rendered":"http:\/\/ppgecpan.draconis.ufms.br\/?p=1416"},"modified":"2016-02-15T20:52:21","modified_gmt":"2016-02-16T00:52:21","slug":"convite-defesa-jonas-antonio-francisco","status":"publish","type":"post","link":"https:\/\/ppgecpan.ufms.br\/es\/convite-defesa-jonas-antonio-francisco\/","title":{"rendered":"Convite Defesa &#8211; Jonas Ant\u00f3nio Francisco"},"content":{"rendered":"<p>\u00c9 com prazer que convidamos\u00a0para a defesa de Disserta\u00e7\u00e3o do mestrando <b>Jonas Ant\u00f3nio Francisco<\/b><strong>,<\/strong><em><strong>\u00a0<\/strong><\/em><strong>\u00a0<\/strong>a ser realizada em <b>03\/03\/2016<\/b>\u00a0\u00e0s\u00a0<b>09<\/b><strong>h<\/strong>, no Audit\u00f3rio da Unidade III (Porto Geral), C\u00e2mpus do Pantanal.<\/p>\n<p><strong>\u00a0<\/strong><strong>\u00a0<\/strong><\/p>\n<p>T\u00edtulo do Trabalho:\u00a0\u201cA massifica\u00e7\u00e3o do ensino em Mo\u00e7ambique sob a \u00e9gide da internacionaliza\u00e7\u00e3o das pol\u00edticas educacionais: implica\u00e7\u00f5es para a pr\u00e1tica escolar\u201d.<\/p>\n<p><em>\u00a0<\/em><\/p>\n<p>Comp\u00f5e a banca os\u00a0Professores Doutores Fabiano Antonio dos Santos \u2013 UFMS (Presidente), Jos\u00e9 Carlos Lib\u00e2neo &#8211; PUC\/GO (Membro Titular), M\u00f4nica de Carvalho Magalh\u00e3es Kassar \u2013 UFMS (Membro Titular) \u00a0e Anamaria Santana da Silva &#8211; UFMS (Membro Suplente).<\/p>\n<p>&nbsp;<\/p>\n","protected":false},"excerpt":{"rendered":"<p>\u00c9 com prazer que convidamos\u00a0para a defesa de Disserta\u00e7\u00e3o do mestrando Jonas Ant\u00f3nio Francisco,\u00a0\u00a0a ser realizada em 03\/03\/2016\u00a0\u00e0s\u00a009h, no Audit\u00f3rio da Unidade III (Porto Geral), C\u00e2mpus do Pantanal. \u00a0\u00a0 T\u00edtulo do Trabalho:\u00a0\u201cA massifica\u00e7\u00e3o do ensino em Mo\u00e7ambique sob a \u00e9gide da internacionaliza\u00e7\u00e3o das pol\u00edticas educacionais: implica\u00e7\u00f5es para a pr\u00e1tica escolar\u201d. \u00a0 Comp\u00f5e a banca os\u00a0Professores [&hellip;]<\/p>\n","protected":false},"author":2660,"featured_media":0,"comment_status":"closed","ping_status":"open","sticky":false,"template":"","format":"standard","meta":{"footnotes":""},"categories":[1],"tags":[],"coauthors":[],"class_list":["post-1416","post","type-post","status-publish","format-standard","hentry","category-noticias"],"_links":{"self":[{"href":"https:\/\/ppgecpan.ufms.br\/es\/wp-json\/wp\/v2\/posts\/1416","targetHints":{"allow":["GET"]}}],"collection":[{"href":"https:\/\/ppgecpan.ufms.br\/es\/wp-json\/wp\/v2\/posts"}],"about":[{"href":"https:\/\/ppgecpan.ufms.br\/es\/wp-json\/wp\/v2\/types\/post"}],"author":[{"embeddable":true,"href":"https:\/\/ppgecpan.ufms.br\/es\/wp-json\/wp\/v2\/users\/2660"}],"replies":[{"embeddable":true,"href":"https:\/\/ppgecpan.ufms.br\/es\/wp-json\/wp\/v2\/comments?post=1416"}],"version-history":[{"count":1,"href":"https:\/\/ppgecpan.ufms.br\/es\/wp-json\/wp\/v2\/posts\/1416\/revisions"}],"predecessor-version":[{"id":1417,"href":"https:\/\/ppgecpan.ufms.br\/es\/wp-json\/wp\/v2\/posts\/1416\/revisions\/1417"}],"wp:attachment":[{"href":"https:\/\/ppgecpan.ufms.br\/es\/wp-json\/wp\/v2\/media?parent=1416"}],"wp:term":[{"taxonomy":"category","embeddable":true,"href":"https:\/\/ppgecpan.ufms.br\/es\/wp-json\/wp\/v2\/categories?post=1416"},{"taxonomy":"post_tag","embeddable":true,"href":"https:\/\/ppgecpan.ufms.br\/es\/wp-json\/wp\/v2\/tags?post=1416"},{"taxonomy":"author","embeddable":true,"href":"https:\/\/ppgecpan.ufms.br\/es\/wp-json\/wp\/v2\/coauthors?post=1416"}],"curies":[{"name":"wp","href":"https:\/\/api.w.org\/{rel}","templated":true}]}}