{"id":1499,"date":"2016-02-29T09:40:09","date_gmt":"2016-02-29T13:40:09","guid":{"rendered":"http:\/\/ppgecpan.draconis.ufms.br\/?p=1499"},"modified":"2016-03-13T17:32:31","modified_gmt":"2016-03-13T21:32:31","slug":"1499-2","status":"publish","type":"post","link":"https:\/\/ppgecpan.ufms.br\/es\/1499-2\/","title":{"rendered":"PPGEs da UFMS\/CPAN, UEMS e UFGD publicam Dossi\u00ea sobre Educa\u00e7\u00e3o Especial e Inclus\u00e3o Escolar (MEC\/SECADI-ANPEd)"},"content":{"rendered":"<p>A revista Educa\u00e7\u00e3o e Fronteiras On-Line \u00e9 uma publica\u00e7\u00e3o\u00a0quadrimestral de car\u00e1ter interinstitucional, reunindo parceiros dos\u00a0Programas de P\u00f3s-Gradua\u00e7\u00e3o em Educa\u00e7\u00e3o do estado de Mato\u00a0Grosso do Sul (MS) e suas respectivas linhas de pesquisa: <strong>Universidade\u00a0Federal de Mato Grosso do Sul \u2013 Campus do Pantanal<\/strong>\u00a0<strong>(UFMS\/CPAN)<\/strong>, com as linhas \u201cPol\u00edticas, pr\u00e1ticas institucionais e\u00a0exclus\u00e3o\/inclus\u00e3o social\u201d e \u201cForma\u00e7\u00e3o de educadores e diversidade\u201d;\u00a0<strong>Universidade Estadual de Mato Grosso do Sul (UEMS)<\/strong>, com as\u00a0linhas \u201cLinguagem, literatura, educa\u00e7\u00e3o e sociedade\u201d e \u201cTeorias e\u00a0pr\u00e1ticas educacionais\u201d; e <strong>Universidade Federal da Grande Dourados\u00a0(UFGD)<\/strong>, institui\u00e7\u00e3o respons\u00e1vel pela coordena\u00e7\u00e3o geral da Revista,\u00a0com as linhas \u201cHist\u00f3ria da educa\u00e7\u00e3o, mem\u00f3ria e sociedade\u201d,\u00a0Pol\u00edtica e gest\u00e3o da educa\u00e7\u00e3o\u201d e \u201cEduca\u00e7\u00e3o e diversidade\u201d.<\/p>\n<p>Em seu d\u00e9cimo terceiro n\u00famero, a revista <em>Educa\u00e7\u00e3o e Fronteiras\u00a0<\/em><em>On-Line <\/em>tem a satisfa\u00e7\u00e3o de publicar o Dossi\u00ea Tem\u00e1tico intitulado\u00a0\u201c<strong>Educa\u00e7\u00e3o Especial e Inclus\u00e3o Escolar: di\u00e1logos sobre pol\u00edticas, processos e pr\u00e1ticas<\/strong>\u201d, que foi premiado pelo Concurso n. 001\/2014 FUNAPE\/UFG\/MEC\/SECADI.<\/p>\n<p>Ele \u00e9 composto por treze artigos que versam sobre tem\u00e1ticas ligadas a Educa\u00e7\u00e3o Especial e a Inclus\u00e3o Escolar. Foi organizado por duas institui\u00e7\u00f5es parceiras, no caso, pelos Programas de P\u00f3s-Gradua\u00e7\u00e3o em Educa\u00e7\u00e3o (Mestrado em Educa\u00e7\u00e3o) da Universidade Federal de Mato Grosso do Sul \u2013 <em>Campus<\/em> do Pantanal e da Universidade Estadual de Mato Grosso do Sul \u2212 Unidade de Parana\u00edba, mais especificamente pelas Professoras\u00a0Doutoras <strong>Nesdete Mesquita Corr\u00eaa<\/strong> (UFMS) e <strong>Celi Corr\u00eaa Neres<\/strong> (UEMS).<\/p>\n<ul>\n<li><a href=\"http:\/\/ppgecpan.draconis.ufms.br\/files\/2016\/02\/Dossi\u00ea_Educa\u00e7\u00e3o_Especial_e_Inclus\u00e3o_Escolar.pdf\" target=\"_blank\">DOWNLOAD DO DOSSI\u00ca<\/a><\/li>\n<\/ul>\n","protected":false},"excerpt":{"rendered":"<p>A revista Educa\u00e7\u00e3o e Fronteiras On-Line \u00e9 uma publica\u00e7\u00e3o\u00a0quadrimestral de car\u00e1ter interinstitucional, reunindo parceiros dos\u00a0Programas de P\u00f3s-Gradua\u00e7\u00e3o em Educa\u00e7\u00e3o do estado de Mato\u00a0Grosso do Sul (MS) e suas respectivas linhas de pesquisa: Universidade\u00a0Federal de Mato Grosso do Sul \u2013 Campus do Pantanal\u00a0(UFMS\/CPAN), com as linhas \u201cPol\u00edticas, pr\u00e1ticas institucionais e\u00a0exclus\u00e3o\/inclus\u00e3o social\u201d e \u201cForma\u00e7\u00e3o de educadores e [&hellip;]<\/p>\n","protected":false},"author":2660,"featured_media":1501,"comment_status":"closed","ping_status":"open","sticky":false,"template":"","format":"standard","meta":{"footnotes":""},"categories":[1],"tags":[],"coauthors":[],"class_list":["post-1499","post","type-post","status-publish","format-standard","has-post-thumbnail","hentry","category-noticias"],"_links":{"self":[{"href":"https:\/\/ppgecpan.ufms.br\/es\/wp-json\/wp\/v2\/posts\/1499","targetHints":{"allow":["GET"]}}],"collection":[{"href":"https:\/\/ppgecpan.ufms.br\/es\/wp-json\/wp\/v2\/posts"}],"about":[{"href":"https:\/\/ppgecpan.ufms.br\/es\/wp-json\/wp\/v2\/types\/post"}],"author":[{"embeddable":true,"href":"https:\/\/ppgecpan.ufms.br\/es\/wp-json\/wp\/v2\/users\/2660"}],"replies":[{"embeddable":true,"href":"https:\/\/ppgecpan.ufms.br\/es\/wp-json\/wp\/v2\/comments?post=1499"}],"version-history":[{"count":9,"href":"https:\/\/ppgecpan.ufms.br\/es\/wp-json\/wp\/v2\/posts\/1499\/revisions"}],"predecessor-version":[{"id":1625,"href":"https:\/\/ppgecpan.ufms.br\/es\/wp-json\/wp\/v2\/posts\/1499\/revisions\/1625"}],"wp:featuredmedia":[{"embeddable":true,"href":"https:\/\/ppgecpan.ufms.br\/es\/wp-json\/wp\/v2\/media\/1501"}],"wp:attachment":[{"href":"https:\/\/ppgecpan.ufms.br\/es\/wp-json\/wp\/v2\/media?parent=1499"}],"wp:term":[{"taxonomy":"category","embeddable":true,"href":"https:\/\/ppgecpan.ufms.br\/es\/wp-json\/wp\/v2\/categories?post=1499"},{"taxonomy":"post_tag","embeddable":true,"href":"https:\/\/ppgecpan.ufms.br\/es\/wp-json\/wp\/v2\/tags?post=1499"},{"taxonomy":"author","embeddable":true,"href":"https:\/\/ppgecpan.ufms.br\/es\/wp-json\/wp\/v2\/coauthors?post=1499"}],"curies":[{"name":"wp","href":"https:\/\/api.w.org\/{rel}","templated":true}]}}