{"id":1518,"date":"2016-03-07T11:05:04","date_gmt":"2016-03-07T15:05:04","guid":{"rendered":"http:\/\/ppgecpan.draconis.ufms.br\/?p=1518"},"modified":"2016-03-08T07:04:31","modified_gmt":"2016-03-08T11:04:31","slug":"vii-seminario-nacional-sobre-educacao-e-inclusao-social-de-pessoas-com-necessidades-especiais","status":"publish","type":"post","link":"https:\/\/ppgecpan.ufms.br\/es\/vii-seminario-nacional-sobre-educacao-e-inclusao-social-de-pessoas-com-necessidades-especiais\/","title":{"rendered":"VII Semin\u00e1rio Nacional sobre Educa\u00e7\u00e3o e Inclus\u00e3o social de pessoas com necessidades especiais"},"content":{"rendered":"<div>\n<p><b>VII SEMIN\u00c1RIO NACIONAL SOBRE EDUCA\u00c7\u00c3O E INCLUS\u00c3O SOCIAL DE PESSOAS COM NECESSIDADES EDUCACIONAIS ESPECIAIS<\/b><\/p>\n<div><\/div>\n<p><b>Data do evento:<\/b><br \/>\n31\/08, 01 e 02\/09 de 2016<\/p>\n<\/div>\n<div><\/div>\n<div><em><span style=\"color: #0000ff\">Base de Pesquisa sobre Educa\u00e7\u00e3o de Pessoas com Necessidades Especiais &#8211; UFRN<\/span><\/em><\/div>\n","protected":false},"excerpt":{"rendered":"<p>VII SEMIN\u00c1RIO NACIONAL SOBRE EDUCA\u00c7\u00c3O E INCLUS\u00c3O SOCIAL DE PESSOAS COM NECESSIDADES EDUCACIONAIS ESPECIAIS Data do evento: 31\/08, 01 e 02\/09 de 2016 Base de Pesquisa sobre Educa\u00e7\u00e3o de Pessoas com Necessidades Especiais &#8211; UFRN<\/p>\n","protected":false},"author":2660,"featured_media":1519,"comment_status":"closed","ping_status":"open","sticky":false,"template":"","format":"standard","meta":{"footnotes":""},"categories":[10,39,1],"tags":[],"coauthors":[],"class_list":["post-1518","post","type-post","status-publish","format-standard","has-post-thumbnail","hentry","category-eventos","category-eventos-externos","category-noticias"],"_links":{"self":[{"href":"https:\/\/ppgecpan.ufms.br\/es\/wp-json\/wp\/v2\/posts\/1518","targetHints":{"allow":["GET"]}}],"collection":[{"href":"https:\/\/ppgecpan.ufms.br\/es\/wp-json\/wp\/v2\/posts"}],"about":[{"href":"https:\/\/ppgecpan.ufms.br\/es\/wp-json\/wp\/v2\/types\/post"}],"author":[{"embeddable":true,"href":"https:\/\/ppgecpan.ufms.br\/es\/wp-json\/wp\/v2\/users\/2660"}],"replies":[{"embeddable":true,"href":"https:\/\/ppgecpan.ufms.br\/es\/wp-json\/wp\/v2\/comments?post=1518"}],"version-history":[{"count":1,"href":"https:\/\/ppgecpan.ufms.br\/es\/wp-json\/wp\/v2\/posts\/1518\/revisions"}],"predecessor-version":[{"id":1520,"href":"https:\/\/ppgecpan.ufms.br\/es\/wp-json\/wp\/v2\/posts\/1518\/revisions\/1520"}],"wp:featuredmedia":[{"embeddable":true,"href":"https:\/\/ppgecpan.ufms.br\/es\/wp-json\/wp\/v2\/media\/1519"}],"wp:attachment":[{"href":"https:\/\/ppgecpan.ufms.br\/es\/wp-json\/wp\/v2\/media?parent=1518"}],"wp:term":[{"taxonomy":"category","embeddable":true,"href":"https:\/\/ppgecpan.ufms.br\/es\/wp-json\/wp\/v2\/categories?post=1518"},{"taxonomy":"post_tag","embeddable":true,"href":"https:\/\/ppgecpan.ufms.br\/es\/wp-json\/wp\/v2\/tags?post=1518"},{"taxonomy":"author","embeddable":true,"href":"https:\/\/ppgecpan.ufms.br\/es\/wp-json\/wp\/v2\/coauthors?post=1518"}],"curies":[{"name":"wp","href":"https:\/\/api.w.org\/{rel}","templated":true}]}}