{"id":1528,"date":"2016-03-08T07:03:24","date_gmt":"2016-03-08T11:03:24","guid":{"rendered":"http:\/\/ppgecpan.draconis.ufms.br\/?p=1528"},"modified":"2016-03-09T14:41:56","modified_gmt":"2016-03-09T18:41:56","slug":"1528-2","status":"publish","type":"post","link":"https:\/\/ppgecpan.ufms.br\/es\/1528-2\/","title":{"rendered":"V Congresso Internacional sobre el Professorado Principiante y la Inducci\u00f3n a la Docencia"},"content":{"rendered":"<p>A cidade de Boca Chica, na Rep\u00fablica Dominicana, recebe o V Congresso Internacional sobre el Professorado Principiante y la Inducci\u00f3n a la Docencia (V Congresso Internacional sobre o Professorado Iniciante e a Indu\u00e7\u00e3o \u00e0 Doc\u00eancia, em tradu\u00e7\u00e3o livre). O objetivo \u00e9 fazer um espa\u00e7o de encontro, reflex\u00e3o e interc\u00e2mbio entre investigadores, formadores e docentes sobre a forma\u00e7\u00e3o das novas gera\u00e7\u00f5es de professores e os primeiros anos de exerc\u00edcio da profiss\u00e3o.<\/p>\n<p>A\u00a0<a title=\"http:\/\/proiecta.org\/congreso\/programa.html \" href=\"http:\/\/proiecta.org\/congreso\/programa.html\" target=\"_blank\" rel=\"nofollow\">programa\u00e7\u00e3o<\/a>\u00a0conta com duas confer\u00eancias, duas mesas redondas e apresenta\u00e7\u00f5es de comunica\u00e7\u00f5es e simp\u00f3sios. Para conhecer as normas de inscri\u00e7\u00e3o de comunica\u00e7\u00f5es, clique\u00a0<a title=\"http:\/\/proiecta.org\/congreso\/comunicaciones.html \" href=\"http:\/\/proiecta.org\/congreso\/comunicaciones.html\" target=\"_blank\" rel=\"nofollow\">aqui<\/a>. As inscri\u00e7\u00f5es j\u00e1 est\u00e3o abertas e podem ser feitas\u00a0<a title=\"http:\/\/proiecta.org\/congreso\/inscripcion.html \" href=\"http:\/\/proiecta.org\/congreso\/inscripcion.html\" target=\"_blank\" rel=\"nofollow\">aqui<\/a>. Em caso de d\u00favidas, entre em contato com\u00a0<a href=\"mailto:congreprinci@us.es\" target=\"_blank\">congreprinci@us.es<\/a>.<\/p>\n<p><span style=\"color: #666666;font-family: 'Open Sans', Helvetica, sans-serif\"><a href=\"http:\/\/proiecta.org\/congreso\/inscripcion.html\" target=\"_blank\">http:\/\/proiecta.org\/congreso\/inscripcion.html<\/a><\/span><\/p>\n","protected":false},"excerpt":{"rendered":"<p>A cidade de Boca Chica, na Rep\u00fablica Dominicana, recebe o V Congresso Internacional sobre el Professorado Principiante y la Inducci\u00f3n a la Docencia (V Congresso Internacional sobre o Professorado Iniciante e a Indu\u00e7\u00e3o \u00e0 Doc\u00eancia, em tradu\u00e7\u00e3o livre). O objetivo \u00e9 fazer um espa\u00e7o de encontro, reflex\u00e3o e interc\u00e2mbio entre investigadores, formadores e docentes sobre [&hellip;]<\/p>\n","protected":false},"author":2660,"featured_media":1529,"comment_status":"closed","ping_status":"open","sticky":false,"template":"","format":"standard","meta":{"footnotes":""},"categories":[10,39,1],"tags":[],"coauthors":[],"class_list":["post-1528","post","type-post","status-publish","format-standard","has-post-thumbnail","hentry","category-eventos","category-eventos-externos","category-noticias"],"_links":{"self":[{"href":"https:\/\/ppgecpan.ufms.br\/es\/wp-json\/wp\/v2\/posts\/1528","targetHints":{"allow":["GET"]}}],"collection":[{"href":"https:\/\/ppgecpan.ufms.br\/es\/wp-json\/wp\/v2\/posts"}],"about":[{"href":"https:\/\/ppgecpan.ufms.br\/es\/wp-json\/wp\/v2\/types\/post"}],"author":[{"embeddable":true,"href":"https:\/\/ppgecpan.ufms.br\/es\/wp-json\/wp\/v2\/users\/2660"}],"replies":[{"embeddable":true,"href":"https:\/\/ppgecpan.ufms.br\/es\/wp-json\/wp\/v2\/comments?post=1528"}],"version-history":[{"count":1,"href":"https:\/\/ppgecpan.ufms.br\/es\/wp-json\/wp\/v2\/posts\/1528\/revisions"}],"predecessor-version":[{"id":1530,"href":"https:\/\/ppgecpan.ufms.br\/es\/wp-json\/wp\/v2\/posts\/1528\/revisions\/1530"}],"wp:featuredmedia":[{"embeddable":true,"href":"https:\/\/ppgecpan.ufms.br\/es\/wp-json\/wp\/v2\/media\/1529"}],"wp:attachment":[{"href":"https:\/\/ppgecpan.ufms.br\/es\/wp-json\/wp\/v2\/media?parent=1528"}],"wp:term":[{"taxonomy":"category","embeddable":true,"href":"https:\/\/ppgecpan.ufms.br\/es\/wp-json\/wp\/v2\/categories?post=1528"},{"taxonomy":"post_tag","embeddable":true,"href":"https:\/\/ppgecpan.ufms.br\/es\/wp-json\/wp\/v2\/tags?post=1528"},{"taxonomy":"author","embeddable":true,"href":"https:\/\/ppgecpan.ufms.br\/es\/wp-json\/wp\/v2\/coauthors?post=1528"}],"curies":[{"name":"wp","href":"https:\/\/api.w.org\/{rel}","templated":true}]}}