{"id":1644,"date":"2013-07-15T19:53:41","date_gmt":"2013-07-15T23:53:41","guid":{"rendered":"http:\/\/ppgecpan.draconis.ufms.br\/?p=1644"},"modified":"2016-03-13T19:56:27","modified_gmt":"2016-03-13T23:56:27","slug":"v-encontro-de-politicas-e-praticas-de-formacao-de-professores-i-seminario-da-associacao-nacional-de-politica-e-administracao-da-educacao-de-ms","status":"publish","type":"post","link":"https:\/\/ppgecpan.ufms.br\/es\/v-encontro-de-politicas-e-praticas-de-formacao-de-professores-i-seminario-da-associacao-nacional-de-politica-e-administracao-da-educacao-de-ms\/","title":{"rendered":"V Encontro de Pol\u00edticas e Pr\u00e1ticas de Forma\u00e7\u00e3o de Professores &#8211; I Semin\u00e1rio da Associa\u00e7\u00e3o Nacional de Pol\u00edtica e Administra\u00e7\u00e3o da Educa\u00e7\u00e3o de MS"},"content":{"rendered":"<p>H\u00e1 v\u00e1rios anos, o Encontro de Pol\u00edticas e Pr\u00e1ticas de Forma\u00e7\u00e3o de Professores vem sendo promovido e organizado pelos Programas de P\u00f3s-Gradua\u00e7\u00e3o em Educa\u00e7\u00e3o das universidades do Estado: Universidade Federal de Mato Grosso do Sul\/Campo Grande, Universidade Federal de Mato Grosso do Sul\/Campus Pantanal, Universidade Cat\u00f3lica Dom Bosco, Universidade Federal da Grande Dourados. Foram inseridos, neste ano, os Programas da Universidade Estadual de Mato Grosso do Sul \u2013 Campus Parana\u00edba e da Universidade Estadual de Mato Grosso do Sul\/Campo Grande.<\/p>\n<p>Como se trata de um evento itinerante, neste ano, o <b>V Encontro de Pol\u00edticas e Pr\u00e1ticas de Forma\u00e7\u00e3o de Professores<\/b> ser\u00e1 coordenado pelo Programa de P\u00f3s-Gradua\u00e7\u00e3o em Educa\u00e7\u00e3o da UCDB e ser\u00e1 realizado em Campo Grande, em novembro, com o tema:<b>Profissionaliza\u00e7\u00e3o e Pr\u00e1tica Docentes: pol\u00edticas de forma\u00e7\u00e3o, regula\u00e7\u00e3o, inova\u00e7\u00e3o e diversidade<\/b> e conta com a participa\u00e7\u00e3o de todos os Programas de P\u00f3s Gradua\u00e7\u00e3o em Educa\u00e7\u00e3o do Estado de Mato Grosso do Sul.<\/p>\n<p>Para mais informa\u00e7\u00f5es, acesse \u00e0 p\u00e1gina do evento:\u00a0<a href=\"http:\/\/www.gpec.ucdb.br\/anpaems2013\/\" target=\"_blank\">http:\/\/www.gpec.ucdb.br\/anpaems2013\/<\/a><\/p>\n","protected":false},"excerpt":{"rendered":"<p>H\u00e1 v\u00e1rios anos, o Encontro de Pol\u00edticas e Pr\u00e1ticas de Forma\u00e7\u00e3o de Professores vem sendo promovido e organizado pelos Programas de P\u00f3s-Gradua\u00e7\u00e3o em Educa\u00e7\u00e3o das universidades do Estado: Universidade Federal de Mato Grosso do Sul\/Campo Grande, Universidade Federal de Mato Grosso do Sul\/Campus Pantanal, Universidade Cat\u00f3lica Dom Bosco, Universidade Federal da Grande Dourados. Foram inseridos, [&hellip;]<\/p>\n","protected":false},"author":2660,"featured_media":1646,"comment_status":"closed","ping_status":"open","sticky":false,"template":"","format":"standard","meta":{"footnotes":""},"categories":[10,38,1],"tags":[],"coauthors":[],"class_list":["post-1644","post","type-post","status-publish","format-standard","has-post-thumbnail","hentry","category-eventos","category-eventos-internos","category-noticias"],"_links":{"self":[{"href":"https:\/\/ppgecpan.ufms.br\/es\/wp-json\/wp\/v2\/posts\/1644","targetHints":{"allow":["GET"]}}],"collection":[{"href":"https:\/\/ppgecpan.ufms.br\/es\/wp-json\/wp\/v2\/posts"}],"about":[{"href":"https:\/\/ppgecpan.ufms.br\/es\/wp-json\/wp\/v2\/types\/post"}],"author":[{"embeddable":true,"href":"https:\/\/ppgecpan.ufms.br\/es\/wp-json\/wp\/v2\/users\/2660"}],"replies":[{"embeddable":true,"href":"https:\/\/ppgecpan.ufms.br\/es\/wp-json\/wp\/v2\/comments?post=1644"}],"version-history":[{"count":1,"href":"https:\/\/ppgecpan.ufms.br\/es\/wp-json\/wp\/v2\/posts\/1644\/revisions"}],"predecessor-version":[{"id":1645,"href":"https:\/\/ppgecpan.ufms.br\/es\/wp-json\/wp\/v2\/posts\/1644\/revisions\/1645"}],"wp:featuredmedia":[{"embeddable":true,"href":"https:\/\/ppgecpan.ufms.br\/es\/wp-json\/wp\/v2\/media\/1646"}],"wp:attachment":[{"href":"https:\/\/ppgecpan.ufms.br\/es\/wp-json\/wp\/v2\/media?parent=1644"}],"wp:term":[{"taxonomy":"category","embeddable":true,"href":"https:\/\/ppgecpan.ufms.br\/es\/wp-json\/wp\/v2\/categories?post=1644"},{"taxonomy":"post_tag","embeddable":true,"href":"https:\/\/ppgecpan.ufms.br\/es\/wp-json\/wp\/v2\/tags?post=1644"},{"taxonomy":"author","embeddable":true,"href":"https:\/\/ppgecpan.ufms.br\/es\/wp-json\/wp\/v2\/coauthors?post=1644"}],"curies":[{"name":"wp","href":"https:\/\/api.w.org\/{rel}","templated":true}]}}