{"id":1671,"date":"2016-03-14T14:14:53","date_gmt":"2016-03-14T18:14:53","guid":{"rendered":"http:\/\/ppgecpan.draconis.ufms.br\/?p=1671"},"modified":"2016-03-21T16:41:19","modified_gmt":"2016-03-21T20:41:19","slug":"chamada-de-trabalhos-para-o-60o-international-council-on-education-for-teaching-prorrogacao","status":"publish","type":"post","link":"https:\/\/ppgecpan.ufms.br\/es\/chamada-de-trabalhos-para-o-60o-international-council-on-education-for-teaching-prorrogacao\/","title":{"rendered":"Chamada de trabalhos para o 60\u00ba International Council on Education for Teaching &#8211; Prorroga\u00e7\u00e3o"},"content":{"rendered":"<p>A chamada de trabalhos para o <strong>ICET (International Council on Education for Teaching)<\/strong> \u00a0foram prorrogadas para o dia <strong>16 de mar\u00e7o<\/strong>.<\/p>\n<div>\n<div>\n<div>O <strong>ICET<\/strong> &#8211; International Council on Education for Teaching , \u00e9 uma associa\u00e7\u00e3o internacional fundada em 1953 \u00a0com objetivo, dentre outros, de contribuir para o desenvolvimento da forma\u00e7\u00e3o de professores em uma perspectiva internacional e em articula\u00e7\u00e3o com organiza\u00e7\u00f5es que trabalham neste dom\u00ednio.<\/div>\n<div><\/div>\n<div>A associa\u00e7\u00e3o promove reuni\u00f5es anuais. Este ano ser\u00e1 60\u00aa reuni\u00e3o e acontecer\u00e1 \u00a0na <strong>Jamaica<\/strong>, na <strong>Universidade de West Indies<\/strong>. Nos \u00faltimos 4 anos os eventos \u00a0foram no Jap\u00e3o (2015), no Canad\u00e1 (2014), na Tail\u00e2ndia (2013), e em Gana (2012). A Am\u00e9rica latina est\u00e1 representada no conselho de diretores (board of directors) do ICET por dois membros brasileiros, a professora Maria das Gra\u00e7as Mizukami e por mim.<\/div>\n<\/div>\n<div><\/div>\n<div>Para saber mais sobre o ICET:\u00a0<a href=\"http:\/\/icet4u.org\/#sthash.dGUzYl4m.dpuf\" target=\"_blank\"><span style=\"color: #1155cc\">http:\/\/icet4u.org\/#<\/span>sthash.dGUzYl4m.dpuf<\/a><\/div>\n<\/div>\n<div><\/div>\n<div><\/div>\n<div><\/div>\n<div style=\"text-align: center\"><b><span style=\"font-size: large\">ICET 2016<\/span><\/b><\/div>\n<div style=\"text-align: center\"><b>60th World Assembly<br \/>\n<\/b><\/div>\n<div style=\"text-align: center\"><b>July, 18-21<\/b><\/div>\n<div><b>\u00a0<\/b><\/div>\n<div>Call for Papers Extended to March 16th!!<\/div>\n<div><\/div>\n<div>ICET 2016 \u2013 60th World Assembly<\/div>\n<div>Theme: Teachers for a Better World: Creating Conditions for Quality Education. Pedagogy, Policy and Professionalism<\/div>\n<div><\/div>\n<div>CALL FOR PAPERS<\/div>\n<div>ICET 2016 will focus on ideas, issues, challenges and practices relating to the improved quality of teachers and teaching. This 60th World Assembly will provide an interdisciplinary forum for educators, policy makers, researchers, NGOs, public\/private stakeholders and learners to present papers and presentations on (but not limited to) the following strands:<\/div>\n<div><\/div>\n<div>\u2022Improving the preparation, lifelong growth and development of educators at all levels: -pedagogy and practice in teacher education, professional development, continuous teacher learning, teacher leadership, preparation of \u00a0teacher educators, research perspectives on teaching and teachers<\/div>\n<div>\u2022Preparing educators for tomorrow\u2019s challenges: &#8211; creating sustainable societies through Education for Sustainable Development, transformative teaching and learning, futures thinking, social learning, socio-ecological pedagogies; &#8211; teaching and learning in a digital age, new technologies, new literacies, global connectivity: -Assuring teacher quality issues relating to accountability, evaluation, accreditation, governance and program quality, policy, policy development<\/div>\n<div>\u2022Closing the gap and building the teaching profession: -issues of recruitment, retention, attrition and professionalization<\/div>\n<div>\u2022Ensuring Inclusiveness: -helping teachers embrace diversity and difference, closing gender gaps, special needs, exceptionalities, different sexualities<\/div>\n<div><\/div>\n<div>Para saber mais sobre o evento:\u00a0<a href=\"http:\/\/www.mona.uwi.edu\/icetjamaica2016\/\" target=\"_blank\"><span style=\"color: #1155cc\">http:\/\/www.mona.uwi.<\/span>edu\/icetjamaica2016\/<\/a><\/div>\n","protected":false},"excerpt":{"rendered":"<p>A chamada de trabalhos para o ICET (International Council on Education for Teaching) \u00a0foram prorrogadas para o dia 16 de mar\u00e7o. O ICET &#8211; International Council on Education for Teaching , \u00e9 uma associa\u00e7\u00e3o internacional fundada em 1953 \u00a0com objetivo, dentre outros, de contribuir para o desenvolvimento da forma\u00e7\u00e3o de professores em uma perspectiva internacional [&hellip;]<\/p>\n","protected":false},"author":2660,"featured_media":1672,"comment_status":"closed","ping_status":"open","sticky":false,"template":"","format":"standard","meta":{"footnotes":""},"categories":[10,39],"tags":[],"coauthors":[],"class_list":["post-1671","post","type-post","status-publish","format-standard","has-post-thumbnail","hentry","category-eventos","category-eventos-externos"],"_links":{"self":[{"href":"https:\/\/ppgecpan.ufms.br\/es\/wp-json\/wp\/v2\/posts\/1671","targetHints":{"allow":["GET"]}}],"collection":[{"href":"https:\/\/ppgecpan.ufms.br\/es\/wp-json\/wp\/v2\/posts"}],"about":[{"href":"https:\/\/ppgecpan.ufms.br\/es\/wp-json\/wp\/v2\/types\/post"}],"author":[{"embeddable":true,"href":"https:\/\/ppgecpan.ufms.br\/es\/wp-json\/wp\/v2\/users\/2660"}],"replies":[{"embeddable":true,"href":"https:\/\/ppgecpan.ufms.br\/es\/wp-json\/wp\/v2\/comments?post=1671"}],"version-history":[{"count":3,"href":"https:\/\/ppgecpan.ufms.br\/es\/wp-json\/wp\/v2\/posts\/1671\/revisions"}],"predecessor-version":[{"id":1675,"href":"https:\/\/ppgecpan.ufms.br\/es\/wp-json\/wp\/v2\/posts\/1671\/revisions\/1675"}],"wp:featuredmedia":[{"embeddable":true,"href":"https:\/\/ppgecpan.ufms.br\/es\/wp-json\/wp\/v2\/media\/1672"}],"wp:attachment":[{"href":"https:\/\/ppgecpan.ufms.br\/es\/wp-json\/wp\/v2\/media?parent=1671"}],"wp:term":[{"taxonomy":"category","embeddable":true,"href":"https:\/\/ppgecpan.ufms.br\/es\/wp-json\/wp\/v2\/categories?post=1671"},{"taxonomy":"post_tag","embeddable":true,"href":"https:\/\/ppgecpan.ufms.br\/es\/wp-json\/wp\/v2\/tags?post=1671"},{"taxonomy":"author","embeddable":true,"href":"https:\/\/ppgecpan.ufms.br\/es\/wp-json\/wp\/v2\/coauthors?post=1671"}],"curies":[{"name":"wp","href":"https:\/\/api.w.org\/{rel}","templated":true}]}}