{"id":1689,"date":"2016-03-15T09:50:35","date_gmt":"2016-03-15T13:50:35","guid":{"rendered":"http:\/\/ppgecpan.draconis.ufms.br\/?p=1689"},"modified":"2016-03-15T10:40:27","modified_gmt":"2016-03-15T14:40:27","slug":"relacao-de-alunos-do-programa-de-pos-graduacao-em-educacao-2015-2","status":"publish","type":"post","link":"https:\/\/ppgecpan.ufms.br\/es\/relacao-de-alunos-do-programa-de-pos-graduacao-em-educacao-2015-2\/","title":{"rendered":"Rela\u00e7\u00e3o de alunos do Programa de P\u00f3s-gradua\u00e7\u00e3o em Educa\u00e7\u00e3o &#8211; 2015.2"},"content":{"rendered":"<table width=\"593\">\n<tbody>\n<tr>\n<td width=\"281\"><strong>Acad\u00eamico(a)<\/strong><\/td>\n<td width=\"312\"><strong>Orientador(a)<\/strong><\/td>\n<\/tr>\n<tr>\n<td width=\"281\">Audrey Randall Fontes Bernardes<\/td>\n<td width=\"312\">Prof\u00aa Dr\u00aa Nesdete Mesquita Corr\u00eaa<\/td>\n<\/tr>\n<tr>\n<td width=\"281\">Cristielly Campos da Silva<\/td>\n<td width=\"312\">Prof\u00b0 Dr\u00b0 Fabiano Antonio dos Santos<\/td>\n<\/tr>\n<tr>\n<td width=\"281\">\u00c9velin Padilha de Andrade Silva<\/td>\n<td width=\"312\">Prof\u00aa Dr\u00aa Beatriz Rosalia Gomes Xavier Flandoli<\/td>\n<\/tr>\n<tr>\n<td width=\"281\">Geruza Soares de Souza Papa<\/td>\n<td width=\"312\">Prof\u00aa Dr\u00aa Regina Aparecida Marques de Souza<\/td>\n<\/tr>\n<tr>\n<td width=\"281\">Giselly Dias Mariano<\/td>\n<td width=\"312\">Prof\u00ba Dr\u00ba Tiago Duque<\/td>\n<\/tr>\n<tr>\n<td width=\"281\">Keren Satie Matsui Pereira<\/td>\n<td width=\"312\">Prof\u00aa Dr\u00aa Vanessa Catherina Neumann Figueiredo<\/td>\n<\/tr>\n<tr>\n<td width=\"281\">Leonardo Augusto Madureira de Castro<\/td>\n<td width=\"312\">Prof\u00aa Dr\u00aa Isabella Fernanda Ferreira<\/td>\n<\/tr>\n<tr>\n<td width=\"281\">Luzanira de Deus Pereira da Silva<\/td>\n<td width=\"312\">Prof\u00aa Dr\u00aa Regina Aparecida Marques de Souza<\/td>\n<\/tr>\n<tr>\n<td width=\"281\">M\u00e1rcia Adriana Brasil Aguilar<\/td>\n<td width=\"312\">Prof\u00aa Dr\u00aa Jolise Saad Leite<\/td>\n<\/tr>\n<tr>\n<td width=\"281\">M\u00e1rcia Cristina Capistrano da Rosa<\/td>\n<td width=\"312\">Prof\u00aa Dr\u00aa Ana L\u00facia Esp\u00edndola<\/td>\n<\/tr>\n<tr>\n<td width=\"281\">Maria de F\u00e1tima de Souza Moreno<\/td>\n<td width=\"312\">Prof\u00aa Dr\u00aa Beatriz Rosalia Gomes Xavier Flandoli<\/td>\n<\/tr>\n<tr>\n<td width=\"281\">Maria Rita Ferreira dos Santos<\/td>\n<td width=\"312\">Prof\u00aa Dr\u00aa Vanessa Catherina Neumann Figueiredo<\/td>\n<\/tr>\n<tr>\n<td width=\"281\">Marilene Rodrigues Silva<\/td>\n<td width=\"312\">Prof\u00aa Dr\u00aa Edelir Salom\u00e3o Garcia<\/td>\n<\/tr>\n<tr>\n<td width=\"281\">Mauro Palmeira Mota<\/td>\n<td width=\"312\">Prof\u00ba Dr\u00ba Tiago Duque<\/td>\n<\/tr>\n<tr>\n<td width=\"281\">Michele Ferreira de Lima<\/td>\n<td width=\"312\">Prof\u00aa Dr\u00aa Alcione Maria dos Santos<\/td>\n<\/tr>\n<tr>\n<td width=\"281\">Nivaldo Nogueira de \u00c1vila<\/td>\n<td width=\"312\">Prof\u00aa Dr\u00aa Alcione Maria dos Santos<\/td>\n<\/tr>\n<tr>\n<td width=\"281\">Samuel da Silva Souza<\/td>\n<td width=\"312\">Prof\u00aa Dr\u00aa Constantina Xavier Filha<\/td>\n<\/tr>\n<tr>\n<td width=\"281\">Swara Germiniana Virginio Barbosa<\/td>\n<td width=\"312\">Prof\u00aa Dr\u00aa Carmem Adelia Saad Costa<\/td>\n<\/tr>\n<\/tbody>\n<\/table>\n","protected":false},"excerpt":{"rendered":"<p>Acad\u00eamico(a) Orientador(a) Audrey Randall Fontes Bernardes Prof\u00aa Dr\u00aa Nesdete Mesquita Corr\u00eaa Cristielly Campos da Silva Prof\u00b0 Dr\u00b0 Fabiano Antonio dos Santos \u00c9velin Padilha de Andrade Silva Prof\u00aa Dr\u00aa Beatriz Rosalia Gomes Xavier Flandoli Geruza Soares de Souza Papa Prof\u00aa Dr\u00aa Regina Aparecida Marques de Souza Giselly Dias Mariano Prof\u00ba Dr\u00ba Tiago Duque Keren Satie Matsui [&hellip;]<\/p>\n","protected":false},"author":2660,"featured_media":968,"comment_status":"closed","ping_status":"open","sticky":false,"template":"","format":"standard","meta":{"footnotes":""},"categories":[7],"tags":[],"coauthors":[],"class_list":["post-1689","post","type-post","status-publish","format-standard","has-post-thumbnail","hentry","category-discentes"],"_links":{"self":[{"href":"https:\/\/ppgecpan.ufms.br\/es\/wp-json\/wp\/v2\/posts\/1689","targetHints":{"allow":["GET"]}}],"collection":[{"href":"https:\/\/ppgecpan.ufms.br\/es\/wp-json\/wp\/v2\/posts"}],"about":[{"href":"https:\/\/ppgecpan.ufms.br\/es\/wp-json\/wp\/v2\/types\/post"}],"author":[{"embeddable":true,"href":"https:\/\/ppgecpan.ufms.br\/es\/wp-json\/wp\/v2\/users\/2660"}],"replies":[{"embeddable":true,"href":"https:\/\/ppgecpan.ufms.br\/es\/wp-json\/wp\/v2\/comments?post=1689"}],"version-history":[{"count":3,"href":"https:\/\/ppgecpan.ufms.br\/es\/wp-json\/wp\/v2\/posts\/1689\/revisions"}],"predecessor-version":[{"id":1692,"href":"https:\/\/ppgecpan.ufms.br\/es\/wp-json\/wp\/v2\/posts\/1689\/revisions\/1692"}],"wp:featuredmedia":[{"embeddable":true,"href":"https:\/\/ppgecpan.ufms.br\/es\/wp-json\/wp\/v2\/media\/968"}],"wp:attachment":[{"href":"https:\/\/ppgecpan.ufms.br\/es\/wp-json\/wp\/v2\/media?parent=1689"}],"wp:term":[{"taxonomy":"category","embeddable":true,"href":"https:\/\/ppgecpan.ufms.br\/es\/wp-json\/wp\/v2\/categories?post=1689"},{"taxonomy":"post_tag","embeddable":true,"href":"https:\/\/ppgecpan.ufms.br\/es\/wp-json\/wp\/v2\/tags?post=1689"},{"taxonomy":"author","embeddable":true,"href":"https:\/\/ppgecpan.ufms.br\/es\/wp-json\/wp\/v2\/coauthors?post=1689"}],"curies":[{"name":"wp","href":"https:\/\/api.w.org\/{rel}","templated":true}]}}