{"id":1738,"date":"2016-03-29T08:13:33","date_gmt":"2016-03-29T12:13:33","guid":{"rendered":"http:\/\/ppgecpan.draconis.ufms.br\/?p=1738"},"modified":"2016-04-07T13:26:20","modified_gmt":"2016-04-07T17:26:20","slug":"xi-seminario-internacional-de-la-red-estrado-ciudad-de-mexico-16-al-18-de-noviembre-de-2016","status":"publish","type":"post","link":"https:\/\/ppgecpan.ufms.br\/es\/xi-seminario-internacional-de-la-red-estrado-ciudad-de-mexico-16-al-18-de-noviembre-de-2016\/","title":{"rendered":"XI Seminario Internacional de la Red ESTRADO &#8211; Ciudad de M\u00e9xico, 16 al 18 de noviembre de 2016"},"content":{"rendered":"<p>XI SEMINARIO DE LA RED ESTRADO<br \/>\n&#8221; Movimientos Pedag\u00f3gicos y Trabajo Docente en tiempos de\u00a0estandarizaci\u00f3n\u201d<\/p>\n<p>Ciudad de M\u00e9xico \u2013 16, 17 y 18 de noviembre de 2016<\/p>\n<p>PRESENTACION<br \/>\nLa Red Latinoamericana de Estudios sobre Trabajo Docente (Red ESTRADO), creada hacia fines\u00a0del a\u00f1o 1999, est\u00e1 convocando a su XI Seminario Internacional. A lo largo de estos a\u00f1os la Red\u00a0ESTRADO se ha consolidado como un espacio de referencia en el campo de estudios sobre el\u00a0trabajo docente en el contexto latinoamericano.<\/p>\n<p>Con el objetivo de seguir expandiendo la Red en\u00a0toda la regi\u00f3n y profundizar los espacios de intercambio, el Seminario Internacional de la Red\u00a0&#8220;Movimientos pedag\u00f3gicos y trabajo docente en tiempos de estandarizaci\u00f3n&#8221; se desarrollar\u00e1 en\u00a0M\u00e9xico.<\/p>\n<p>La organizaci\u00f3n del Seminario est\u00e1 a cargo de la Red ESTRADO, la Universidad Pedag\u00f3gica\u00a0Nacional, la Universidad Aut\u00f3noma de la Ciudad de M\u00e9xico, la Facultad de Econom\u00eda de la UNAM\u00a0y Universidad Aut\u00f3noma Metropolitana.<\/p>\n<p><strong>PRIMEIRA CIRCULAR &#8211; <a href=\"http:\/\/ppgecpan.draconis.ufms.br\/files\/2016\/03\/Primera-Circular-XI-Seminario-Red-ESTRADO.pdf\" target=\"_blank\">AQUI<\/a><\/strong><\/p>\n","protected":false},"excerpt":{"rendered":"<p>XI SEMINARIO DE LA RED ESTRADO &#8221; Movimientos Pedag\u00f3gicos y Trabajo Docente en tiempos de\u00a0estandarizaci\u00f3n\u201d Ciudad de M\u00e9xico \u2013 16, 17 y 18 de noviembre de 2016 PRESENTACION La Red Latinoamericana de Estudios sobre Trabajo Docente (Red ESTRADO), creada hacia fines\u00a0del a\u00f1o 1999, est\u00e1 convocando a su XI Seminario Internacional. A lo largo de estos [&hellip;]<\/p>\n","protected":false},"author":2660,"featured_media":1749,"comment_status":"closed","ping_status":"open","sticky":false,"template":"","format":"standard","meta":{"footnotes":""},"categories":[10,39,1],"tags":[],"coauthors":[],"class_list":["post-1738","post","type-post","status-publish","format-standard","has-post-thumbnail","hentry","category-eventos","category-eventos-externos","category-noticias"],"_links":{"self":[{"href":"https:\/\/ppgecpan.ufms.br\/es\/wp-json\/wp\/v2\/posts\/1738","targetHints":{"allow":["GET"]}}],"collection":[{"href":"https:\/\/ppgecpan.ufms.br\/es\/wp-json\/wp\/v2\/posts"}],"about":[{"href":"https:\/\/ppgecpan.ufms.br\/es\/wp-json\/wp\/v2\/types\/post"}],"author":[{"embeddable":true,"href":"https:\/\/ppgecpan.ufms.br\/es\/wp-json\/wp\/v2\/users\/2660"}],"replies":[{"embeddable":true,"href":"https:\/\/ppgecpan.ufms.br\/es\/wp-json\/wp\/v2\/comments?post=1738"}],"version-history":[{"count":1,"href":"https:\/\/ppgecpan.ufms.br\/es\/wp-json\/wp\/v2\/posts\/1738\/revisions"}],"predecessor-version":[{"id":1741,"href":"https:\/\/ppgecpan.ufms.br\/es\/wp-json\/wp\/v2\/posts\/1738\/revisions\/1741"}],"wp:featuredmedia":[{"embeddable":true,"href":"https:\/\/ppgecpan.ufms.br\/es\/wp-json\/wp\/v2\/media\/1749"}],"wp:attachment":[{"href":"https:\/\/ppgecpan.ufms.br\/es\/wp-json\/wp\/v2\/media?parent=1738"}],"wp:term":[{"taxonomy":"category","embeddable":true,"href":"https:\/\/ppgecpan.ufms.br\/es\/wp-json\/wp\/v2\/categories?post=1738"},{"taxonomy":"post_tag","embeddable":true,"href":"https:\/\/ppgecpan.ufms.br\/es\/wp-json\/wp\/v2\/tags?post=1738"},{"taxonomy":"author","embeddable":true,"href":"https:\/\/ppgecpan.ufms.br\/es\/wp-json\/wp\/v2\/coauthors?post=1738"}],"curies":[{"name":"wp","href":"https:\/\/api.w.org\/{rel}","templated":true}]}}