{"id":1751,"date":"2016-03-29T17:35:48","date_gmt":"2016-03-29T21:35:48","guid":{"rendered":"http:\/\/ppgecpan.draconis.ufms.br\/?p=1751"},"modified":"2016-04-05T12:26:38","modified_gmt":"2016-04-05T16:26:38","slug":"selecao-de-alunos-especiais-2016-1","status":"publish","type":"post","link":"https:\/\/ppgecpan.ufms.br\/es\/selecao-de-alunos-especiais-2016-1\/","title":{"rendered":"PPGE\/CPAN abre sele\u00e7\u00e3o para alunos especiais com ingresso no primeiro semestre de 2016"},"content":{"rendered":"<p>O PPGE\/CPAN abre sele\u00e7\u00e3o\u00a0para alunos especiais\u00a0com ingresso no primeiro semestre de 2016.<\/p>\n<p>Confira as datas:<\/p>\n<p>&nbsp;<\/p>\n<p>01 a 04\/04\/2016 &#8211; <strong>Inscri\u00e7\u00e3o<\/strong> para alunos especiais<\/p>\n<p>06\/04\/2016 &#8211; Resultado da sele\u00e7\u00e3o dos alunos especiais no site do PPGE<\/p>\n<p>07 e 8\/04\/2015 &#8211; <strong>Matr\u00edcula<\/strong> para alunos especiais<\/p>\n<p>11\/04\/2014 &#8211; Data de in\u00edcio das aulas<\/p>\n<p>&nbsp;<\/p>\n<p><strong>DOCUMENTOS PARA INSCRI\u00c7\u00c3O:<\/strong><\/p>\n<p>\u2013 No ato da\u00a0<strong>inscri\u00e7\u00e3o<\/strong>, os alunos especiais dever\u00e3o entregar <u>Requerimento de Inscri\u00e7\u00e3o para aluno especial<\/u> (Formul\u00e1rio n\u00b0 11), dispon\u00edvel em\u00a0<a href=\"http:\/\/www.ppgecpan.draconis.ufms.br\/formularios\/\" target=\"_blank\">www.ppgecpan.draconis.ufms.br\/formularios\/<\/a> e <u>Curr\u00edculo Lattes<\/u> atualizado (<a href=\"http:\/\/lattes.cnpq.br\/\" target=\"_blank\">lattes.cnpq.br\/<\/a>).<\/p>\n<p>O Requerimento e o Curr\u00edculo Lattes devem ser entregues na Secretaria do PPGE, Unidade III (Antiga Alf\u00e2ndega), Rua Domingos Sahib, 99, Bairro Cervejaria, Corumb\u00e1\/MS, nos dias 01 ou 04 de abril, no hor\u00e1rio das 07h30 \u00e0s 11h e das 13h30 \u00e0s 17h<\/p>\n<p><strong>OU<\/strong> enviados ao email <a href=\"mailto:ppge.cpan@ufms.br\" target=\"_blank\">ppge.cpan@ufms.br<\/a>, entre os dias 01 e 04 de abril.<\/p>\n<p>&nbsp;<\/p>\n<p><u>Pode ser feita inscri\u00e7\u00e3o em apenas <strong>uma<\/strong> das disciplinas a seguir:<\/u><\/p>\n<p>&#8211; Educa\u00e7\u00e3o e Direitos Humanos &#8211; Prof. Claudia &#8211;\u00a0quinzenal, \u00e0s sextas feiras, de manh\u00e3 e de tarde.<\/p>\n<p>&#8211; Pierre Bourdieu e an\u00e1lise do processo escolar &#8211; Prof. Edelir e Cl\u00e1udia &#8211; \u00c0s quintas de manh\u00e3 &#8211; Quinzenal.<\/p>\n<p>&#8211; Educa\u00e7\u00e3o Especial: pol\u00edticas, processos e pr\u00e1ticas &#8211; Prof. Nesdete:<\/p>\n<p>03.05.2016 (mat\/vesp) \u2013 8 horas<\/p>\n<p>24.05.2016 (mat) \u2013 3 horas<\/p>\n<p>07.06.2016 (mat\/vesp) \u2013 8 horas<\/p>\n<p>21.06.2016 (mat) \u2013 3 horas<\/p>\n<p>02.08.2016\u00a0(mat\/vesp) \u2013 8 horas<\/p>\n<p>&#8211; Doc\u00eancia como trabalho &#8211; Prof. Il\u00eddio &#8211; \u00c0s segundas feiras, das 18h \u00e0s 22h.<\/p>\n<p>&#8211; Teor\u00eda Cr\u00edtica e Educa\u00e7\u00e3o Social &#8211; Prof. Isabella. \u00c0s quartas feiras, das 18h \u00e0s 22h.<\/p>\n<p>&nbsp;<\/p>\n<p><strong>DOCUMENTOS PARA MATR\u00cdCULA:<\/strong><\/p>\n<p>\u2013 Os alunos especiais\u00a0<strong>aprovados<\/strong>\u00a0dever\u00e3o comparecer na secretaria do PPGE no dia acima mencionado para efetuar matr\u00edcula com original e c\u00f3pia de: CERTID\u00c3O DE NASCIMENTO OU CASAMENTO, RG, CPF, T\u00cdTULO DE ELEITOR, CERTIFICADO DE CONCLUS\u00c3O DE GRADUA\u00c7\u00c3O OU DIPLOMA E CERTIFICADO DE RESERVISTA.<\/p>\n<p>&nbsp;<\/p>\n<p>Em caso de d\u00favidas, entrar em contato com a Secretaria.<\/p>\n<p>Telf.: (67) 3234-6214 ou (67) 3234-6212.<\/p>\n<p>Email:\u00a0<a href=\"mailto:ppge.cpan@ufms.br\" target=\"_blank\">ppge.cpan@ufms.br<\/a><\/p>\n<p>&nbsp;<\/p>\n","protected":false},"excerpt":{"rendered":"<p>O PPGE\/CPAN abre sele\u00e7\u00e3o\u00a0para alunos especiais\u00a0com ingresso no primeiro semestre de 2016. Confira as datas: &nbsp; 01 a 04\/04\/2016 &#8211; Inscri\u00e7\u00e3o para alunos especiais 06\/04\/2016 &#8211; Resultado da sele\u00e7\u00e3o dos alunos especiais no site do PPGE 07 e 8\/04\/2015 &#8211; Matr\u00edcula para alunos especiais 11\/04\/2014 &#8211; Data de in\u00edcio das aulas &nbsp; DOCUMENTOS PARA INSCRI\u00c7\u00c3O: [&hellip;]<\/p>\n","protected":false},"author":2660,"featured_media":108,"comment_status":"closed","ping_status":"open","sticky":false,"template":"","format":"standard","meta":{"footnotes":""},"categories":[1,57],"tags":[],"coauthors":[],"class_list":["post-1751","post","type-post","status-publish","format-standard","has-post-thumbnail","hentry","category-noticias","category-processos-seletivos-noticias"],"_links":{"self":[{"href":"https:\/\/ppgecpan.ufms.br\/es\/wp-json\/wp\/v2\/posts\/1751","targetHints":{"allow":["GET"]}}],"collection":[{"href":"https:\/\/ppgecpan.ufms.br\/es\/wp-json\/wp\/v2\/posts"}],"about":[{"href":"https:\/\/ppgecpan.ufms.br\/es\/wp-json\/wp\/v2\/types\/post"}],"author":[{"embeddable":true,"href":"https:\/\/ppgecpan.ufms.br\/es\/wp-json\/wp\/v2\/users\/2660"}],"replies":[{"embeddable":true,"href":"https:\/\/ppgecpan.ufms.br\/es\/wp-json\/wp\/v2\/comments?post=1751"}],"version-history":[{"count":10,"href":"https:\/\/ppgecpan.ufms.br\/es\/wp-json\/wp\/v2\/posts\/1751\/revisions"}],"predecessor-version":[{"id":1765,"href":"https:\/\/ppgecpan.ufms.br\/es\/wp-json\/wp\/v2\/posts\/1751\/revisions\/1765"}],"wp:featuredmedia":[{"embeddable":true,"href":"https:\/\/ppgecpan.ufms.br\/es\/wp-json\/wp\/v2\/media\/108"}],"wp:attachment":[{"href":"https:\/\/ppgecpan.ufms.br\/es\/wp-json\/wp\/v2\/media?parent=1751"}],"wp:term":[{"taxonomy":"category","embeddable":true,"href":"https:\/\/ppgecpan.ufms.br\/es\/wp-json\/wp\/v2\/categories?post=1751"},{"taxonomy":"post_tag","embeddable":true,"href":"https:\/\/ppgecpan.ufms.br\/es\/wp-json\/wp\/v2\/tags?post=1751"},{"taxonomy":"author","embeddable":true,"href":"https:\/\/ppgecpan.ufms.br\/es\/wp-json\/wp\/v2\/coauthors?post=1751"}],"curies":[{"name":"wp","href":"https:\/\/api.w.org\/{rel}","templated":true}]}}