{"id":1774,"date":"2016-04-04T14:20:04","date_gmt":"2016-04-04T18:20:04","guid":{"rendered":"http:\/\/ppgecpan.draconis.ufms.br\/?p=1774"},"modified":"2016-04-04T14:20:04","modified_gmt":"2016-04-04T18:20:04","slug":"6a-conferencia-forges-28-30-de-novembro-campinas-sp","status":"publish","type":"post","link":"https:\/\/ppgecpan.ufms.br\/es\/6a-conferencia-forges-28-30-de-novembro-campinas-sp\/","title":{"rendered":"6\u00aa Confer\u00eancia Forges \u2013 28 a 30 de novembro \u2013 Campinas (SP)"},"content":{"rendered":"<p>O Centro de Conven\u00e7\u00f5es da Universidade Estadual de Campinas (Unicamp) recebe entre os dias 28 e 30 de novembro a 6\u00aa Confer\u00eancia F\u00f3rum da Gest\u00e3o do Ensino Superior nos Pa\u00edses e Regi\u00f5es de L\u00edngua Portuguesa (Forges). O\u00a0 tema desta edi\u00e7\u00e3o \u00e9 \u201cPara que(m) servem as universidades e os institutos de Ensino Superior? Balan\u00e7os, proposi\u00e7\u00f5es e desafios acerca do seu papel no s\u00e9culo XXI\u201d. O evento prop\u00f5e contribuir com as reflex\u00f5es sobre a miss\u00e3o da Educa\u00e7\u00e3o Superior no desenvolvimento dos pa\u00edses e regi\u00f5es que tem o portugu\u00eas como l\u00edngua oficial.<\/p>\n<p>As inscri\u00e7\u00f5es j\u00e1 est\u00e3o abertas. At\u00e9 o dia 24 de junho, a organiza\u00e7\u00e3o recebe submiss\u00f5es de propostas de sess\u00f5es especiais. O resultado ser\u00e1 divulgado no dia 15 de julho. J\u00e1 os interessados em apresentar trabalhos t\u00eam at\u00e9 o dia 25 de julho para submeterem resumos de comunica\u00e7\u00f5es. A notifica\u00e7\u00e3o dos aprovados ser\u00e1 divulgada no dia 26 de agosto. As inscri\u00e7\u00f5es para ouvintes ter\u00e3o desconto at\u00e9 o dia 7 de outubro. A data limite para se inscrever \u00e9 o dia 11 de novembro. Inscreva-se <a href=\"http:\/\/www.aforges.net\/#!inscrio\/c1z4m\" target=\"_blank\" rel=\"nofollow\">aqui<\/a>!<\/p>\n<p>Em caso de d\u00favidas, entre em contato com a organiza\u00e7\u00e3o pelo e-mail <a href=\"mailto:geral@aforges.org\" target=\"_blank\">geral@aforges.org<\/a>.<\/p>\n<p><strong>Site do evento &#8211; <a href=\"http:\/\/www.aforges.net\/\" target=\"_blank\">AQUI<\/a><\/strong><\/p>\n","protected":false},"excerpt":{"rendered":"<p>O Centro de Conven\u00e7\u00f5es da Universidade Estadual de Campinas (Unicamp) recebe entre os dias 28 e 30 de novembro a 6\u00aa Confer\u00eancia F\u00f3rum da Gest\u00e3o do Ensino Superior nos Pa\u00edses e Regi\u00f5es de L\u00edngua Portuguesa (Forges). O\u00a0 tema desta edi\u00e7\u00e3o \u00e9 \u201cPara que(m) servem as universidades e os institutos de Ensino Superior? Balan\u00e7os, proposi\u00e7\u00f5es e [&hellip;]<\/p>\n","protected":false},"author":2660,"featured_media":1775,"comment_status":"closed","ping_status":"open","sticky":false,"template":"","format":"standard","meta":{"footnotes":""},"categories":[10,39,1],"tags":[],"coauthors":[],"class_list":["post-1774","post","type-post","status-publish","format-standard","has-post-thumbnail","hentry","category-eventos","category-eventos-externos","category-noticias"],"_links":{"self":[{"href":"https:\/\/ppgecpan.ufms.br\/es\/wp-json\/wp\/v2\/posts\/1774","targetHints":{"allow":["GET"]}}],"collection":[{"href":"https:\/\/ppgecpan.ufms.br\/es\/wp-json\/wp\/v2\/posts"}],"about":[{"href":"https:\/\/ppgecpan.ufms.br\/es\/wp-json\/wp\/v2\/types\/post"}],"author":[{"embeddable":true,"href":"https:\/\/ppgecpan.ufms.br\/es\/wp-json\/wp\/v2\/users\/2660"}],"replies":[{"embeddable":true,"href":"https:\/\/ppgecpan.ufms.br\/es\/wp-json\/wp\/v2\/comments?post=1774"}],"version-history":[{"count":1,"href":"https:\/\/ppgecpan.ufms.br\/es\/wp-json\/wp\/v2\/posts\/1774\/revisions"}],"predecessor-version":[{"id":1776,"href":"https:\/\/ppgecpan.ufms.br\/es\/wp-json\/wp\/v2\/posts\/1774\/revisions\/1776"}],"wp:featuredmedia":[{"embeddable":true,"href":"https:\/\/ppgecpan.ufms.br\/es\/wp-json\/wp\/v2\/media\/1775"}],"wp:attachment":[{"href":"https:\/\/ppgecpan.ufms.br\/es\/wp-json\/wp\/v2\/media?parent=1774"}],"wp:term":[{"taxonomy":"category","embeddable":true,"href":"https:\/\/ppgecpan.ufms.br\/es\/wp-json\/wp\/v2\/categories?post=1774"},{"taxonomy":"post_tag","embeddable":true,"href":"https:\/\/ppgecpan.ufms.br\/es\/wp-json\/wp\/v2\/tags?post=1774"},{"taxonomy":"author","embeddable":true,"href":"https:\/\/ppgecpan.ufms.br\/es\/wp-json\/wp\/v2\/coauthors?post=1774"}],"curies":[{"name":"wp","href":"https:\/\/api.w.org\/{rel}","templated":true}]}}