{"id":1777,"date":"2016-04-04T14:23:20","date_gmt":"2016-04-04T18:23:20","guid":{"rendered":"http:\/\/ppgecpan.draconis.ufms.br\/?p=1777"},"modified":"2016-04-04T14:23:20","modified_gmt":"2016-04-04T18:23:20","slug":"xxi-encontro-paraense-ds-estudantes-de-pedagogia-3006-0307-tucurui-pa","status":"publish","type":"post","link":"https:\/\/ppgecpan.ufms.br\/es\/xxi-encontro-paraense-ds-estudantes-de-pedagogia-3006-0307-tucurui-pa\/","title":{"rendered":"XXI Encontro Paraense d@s Estudantes de Pedagogia \u2013 30\/06 a 03\/07 \u2013 Tucuru\u00ed (PA)"},"content":{"rendered":"<p>Entre os dias 30 de junho e 3 de julho, a cidade de Tucuru\u00ed (PA) recebe o XXI Encontro Paraense d@S Estudantes de Pedagogia (EPEPe). O tema da edi\u00e7\u00e3o \u00e9 \u201cPedagogos para al\u00e9m da doc\u00eancia: desafios contempor\u00e2neos\u201d. O objetivo do evento \u00e9 reunir e discutir com os estudantes de pedagogia\u00a0 do estado do Par\u00e1 os novos rumos da profiss\u00e3o em tempo de crise pol\u00edtica, ideol\u00f3gica, econ\u00f4mica e social, com \u00eanfase em quest\u00f5es relacionadas ao ambiente escolar. O XXI EPEPe \u00e9 coordenado pela turma de Pedagogia de 2013 da Universidade Federal do Par\u00e1 (UFPA) \u2013 Campus Camet\u00e1. \u00a0O evento conta ainda com equipes de professores e pesquisadores do Instituto Federal do Par\u00e1 (IFPA) \u2013 Campus Tucuru\u00ed \u2013 e UFPA \u2013 Campi Camet\u00e1 e Tucuru\u00ed.<\/p>\n<p>A programa\u00e7\u00e3o inclui mesas redondas, oficinas, grupos de discuss\u00e3o, palestras e apresenta\u00e7\u00f5es de trabalhos acad\u00eamicos, como comunica\u00e7\u00e3o oral e p\u00f4ster.<\/p>\n<p>Para participar, \u00e9 preciso efetuar o pagamento e depois preencher o <a href=\"http:\/\/epepe2016.webnode.com\/inscricoes\/inscricao-ouvinte\/\" target=\"_blank\">formul\u00e1rio de inscri\u00e7\u00e3o<\/a> at\u00e9 o dia 15 de junho. Os interessados em apresentar comunica\u00e7\u00e3o oral, p\u00f4ster ou oficina devem tamb\u00e9m fazer a submiss\u00e3o do trabalho <a href=\"http:\/\/epepe2016.webnode.com\/inscricoes\/inscricao-trabalhos-aprovados\/\" target=\"_blank\" rel=\"nofollow\">aqui<\/a>. Em ambos os casos, o comprovante de pagamento deve ser anexado.<\/p>\n<p>Acesse o <a href=\"http:\/\/files.epepe2016.webnode.com\/200000031-2a3cc2b399\/Edital%20epepe%20001.pdf\" target=\"_blank\" rel=\"nofollow\">edital com as normas para submeter trabalhos<\/a>.<\/p>\n<p>Em caso de d\u00favidas, entre em contato com a organiza\u00e7\u00e3o pelo e-mail\u00a0<a href=\"mailto:coepepe2016@gmail.com\" target=\"_blank\">coepepe2016@gmail.com<\/a>.<\/p>\n","protected":false},"excerpt":{"rendered":"<p>Entre os dias 30 de junho e 3 de julho, a cidade de Tucuru\u00ed (PA) recebe o XXI Encontro Paraense d@S Estudantes de Pedagogia (EPEPe). O tema da edi\u00e7\u00e3o \u00e9 \u201cPedagogos para al\u00e9m da doc\u00eancia: desafios contempor\u00e2neos\u201d. O objetivo do evento \u00e9 reunir e discutir com os estudantes de pedagogia\u00a0 do estado do Par\u00e1 os [&hellip;]<\/p>\n","protected":false},"author":2660,"featured_media":1778,"comment_status":"closed","ping_status":"open","sticky":false,"template":"","format":"standard","meta":{"footnotes":""},"categories":[10,39,1],"tags":[],"coauthors":[],"class_list":["post-1777","post","type-post","status-publish","format-standard","has-post-thumbnail","hentry","category-eventos","category-eventos-externos","category-noticias"],"_links":{"self":[{"href":"https:\/\/ppgecpan.ufms.br\/es\/wp-json\/wp\/v2\/posts\/1777","targetHints":{"allow":["GET"]}}],"collection":[{"href":"https:\/\/ppgecpan.ufms.br\/es\/wp-json\/wp\/v2\/posts"}],"about":[{"href":"https:\/\/ppgecpan.ufms.br\/es\/wp-json\/wp\/v2\/types\/post"}],"author":[{"embeddable":true,"href":"https:\/\/ppgecpan.ufms.br\/es\/wp-json\/wp\/v2\/users\/2660"}],"replies":[{"embeddable":true,"href":"https:\/\/ppgecpan.ufms.br\/es\/wp-json\/wp\/v2\/comments?post=1777"}],"version-history":[{"count":1,"href":"https:\/\/ppgecpan.ufms.br\/es\/wp-json\/wp\/v2\/posts\/1777\/revisions"}],"predecessor-version":[{"id":1779,"href":"https:\/\/ppgecpan.ufms.br\/es\/wp-json\/wp\/v2\/posts\/1777\/revisions\/1779"}],"wp:featuredmedia":[{"embeddable":true,"href":"https:\/\/ppgecpan.ufms.br\/es\/wp-json\/wp\/v2\/media\/1778"}],"wp:attachment":[{"href":"https:\/\/ppgecpan.ufms.br\/es\/wp-json\/wp\/v2\/media?parent=1777"}],"wp:term":[{"taxonomy":"category","embeddable":true,"href":"https:\/\/ppgecpan.ufms.br\/es\/wp-json\/wp\/v2\/categories?post=1777"},{"taxonomy":"post_tag","embeddable":true,"href":"https:\/\/ppgecpan.ufms.br\/es\/wp-json\/wp\/v2\/tags?post=1777"},{"taxonomy":"author","embeddable":true,"href":"https:\/\/ppgecpan.ufms.br\/es\/wp-json\/wp\/v2\/coauthors?post=1777"}],"curies":[{"name":"wp","href":"https:\/\/api.w.org\/{rel}","templated":true}]}}