{"id":1780,"date":"2016-04-04T14:25:44","date_gmt":"2016-04-04T18:25:44","guid":{"rendered":"http:\/\/ppgecpan.draconis.ufms.br\/?p=1780"},"modified":"2016-04-05T12:33:14","modified_gmt":"2016-04-05T16:33:14","slug":"iii-congresso-nacional-de-educacao-para-as-relacoes-etnico-raciais-10-13-de-maio-campina-grande-pb","status":"publish","type":"post","link":"https:\/\/ppgecpan.ufms.br\/es\/iii-congresso-nacional-de-educacao-para-as-relacoes-etnico-raciais-10-13-de-maio-campina-grande-pb\/","title":{"rendered":"III Congresso Nacional de Educa\u00e7\u00e3o para as Rela\u00e7\u00f5es \u00c9tnico-Raciais \u2013 10 a 13 de maio \u2013 Campina Grande (PB)"},"content":{"rendered":"<p>A Universidade Federal de Campina Grande (UFCG) realiza, entre os dias 10 e 13 de maio, o <a href=\"https:\/\/docs.google.com\/document\/d\/1m9npzO58btb4VXg03YX6Mq4ogodJh5zy0JmRNv7VUlk\/preview#\" target=\"_blank\" rel=\"nofollow\">III Congresso Nacional de Educa\u00e7\u00e3o para as Rela\u00e7\u00f5es \u00c9tnico-Raciais<\/a> (CNEPRE). O evento \u00e9 parte integrante do curso de forma\u00e7\u00e3o continuada da universidade dedicado \u00e0 tem\u00e1tica \u00e9tnica. O objetivo \u00e9 salientar a problematiza\u00e7\u00e3o dos conceitos e das pr\u00e1ticas sociais sobre identidade, alteridade e etnicidade na sociedade contempor\u00e2nea, sem deixar de lado as suas implica\u00e7\u00f5es hist\u00f3ricas. O tema desta edi\u00e7\u00e3o \u00e9 \u201cIgualdade Racial no Ambiente Escolar\u201d.<\/p>\n<p>A programa\u00e7\u00e3o inclui palestra de abertura e de encerramento, minicursos, mesas redondas, simp\u00f3sios tem\u00e1ticos, lan\u00e7amentos de livros e atividades culturais.<\/p>\n<p>As incri\u00e7\u00f5es para apresenta\u00e7\u00e3o de comunica\u00e7\u00e3o oral est\u00e3o abertas at\u00e9 essa quinta-feira, dia 31 de mar\u00e7o. J\u00e1 os interessados em participar como ouvinte t\u00eam at\u00e9 o dia 3 de maio para se inscreverem online. Em ambos os casos \u00e9 preciso preencher o <a href=\"https:\/\/docs.google.com\/forms\/d\/1WaD3uor3yfU59RAgpERDcgEtReg1X_trcBDB-Kr2LWk\/viewform\" target=\"_blank\" rel=\"nofollow\">formul\u00e1rio de inscri\u00e7\u00e3o<\/a>, efetuar o pagamento e enviar o comprovante para o e-mail <a href=\"mailto:contatocnepre@gmail.com\" target=\"_blank\">contatocnepre@gmail.com<\/a>. Ap\u00f3s a constata\u00e7\u00e3o do pagamento, ser\u00e1 enviado um e-mail de confirma\u00e7\u00e3o da inscri\u00e7\u00e3o.<\/p>\n<p>A UFCG fica na Rua Apr\u00edgio Veloso 882 \u2013 Bairro Universit\u00e1rio, Campina Grande (PB).<\/p>\n","protected":false},"excerpt":{"rendered":"<p>A Universidade Federal de Campina Grande (UFCG) realiza, entre os dias 10 e 13 de maio, o III Congresso Nacional de Educa\u00e7\u00e3o para as Rela\u00e7\u00f5es \u00c9tnico-Raciais (CNEPRE). O evento \u00e9 parte integrante do curso de forma\u00e7\u00e3o continuada da universidade dedicado \u00e0 tem\u00e1tica \u00e9tnica. O objetivo \u00e9 salientar a problematiza\u00e7\u00e3o dos conceitos e das pr\u00e1ticas sociais [&hellip;]<\/p>\n","protected":false},"author":2660,"featured_media":1781,"comment_status":"closed","ping_status":"open","sticky":false,"template":"","format":"standard","meta":{"footnotes":""},"categories":[10,39,1],"tags":[],"coauthors":[],"class_list":["post-1780","post","type-post","status-publish","format-standard","has-post-thumbnail","hentry","category-eventos","category-eventos-externos","category-noticias"],"_links":{"self":[{"href":"https:\/\/ppgecpan.ufms.br\/es\/wp-json\/wp\/v2\/posts\/1780","targetHints":{"allow":["GET"]}}],"collection":[{"href":"https:\/\/ppgecpan.ufms.br\/es\/wp-json\/wp\/v2\/posts"}],"about":[{"href":"https:\/\/ppgecpan.ufms.br\/es\/wp-json\/wp\/v2\/types\/post"}],"author":[{"embeddable":true,"href":"https:\/\/ppgecpan.ufms.br\/es\/wp-json\/wp\/v2\/users\/2660"}],"replies":[{"embeddable":true,"href":"https:\/\/ppgecpan.ufms.br\/es\/wp-json\/wp\/v2\/comments?post=1780"}],"version-history":[{"count":1,"href":"https:\/\/ppgecpan.ufms.br\/es\/wp-json\/wp\/v2\/posts\/1780\/revisions"}],"predecessor-version":[{"id":1782,"href":"https:\/\/ppgecpan.ufms.br\/es\/wp-json\/wp\/v2\/posts\/1780\/revisions\/1782"}],"wp:featuredmedia":[{"embeddable":true,"href":"https:\/\/ppgecpan.ufms.br\/es\/wp-json\/wp\/v2\/media\/1781"}],"wp:attachment":[{"href":"https:\/\/ppgecpan.ufms.br\/es\/wp-json\/wp\/v2\/media?parent=1780"}],"wp:term":[{"taxonomy":"category","embeddable":true,"href":"https:\/\/ppgecpan.ufms.br\/es\/wp-json\/wp\/v2\/categories?post=1780"},{"taxonomy":"post_tag","embeddable":true,"href":"https:\/\/ppgecpan.ufms.br\/es\/wp-json\/wp\/v2\/tags?post=1780"},{"taxonomy":"author","embeddable":true,"href":"https:\/\/ppgecpan.ufms.br\/es\/wp-json\/wp\/v2\/coauthors?post=1780"}],"curies":[{"name":"wp","href":"https:\/\/api.w.org\/{rel}","templated":true}]}}