{"id":1783,"date":"2016-04-05T13:54:10","date_gmt":"2016-04-05T17:54:10","guid":{"rendered":"http:\/\/ppgecpan.draconis.ufms.br\/?p=1783"},"modified":"2016-04-05T14:02:22","modified_gmt":"2016-04-05T18:02:22","slug":"esud-e-ciesud-abrem-inscricoes-para-submissao-de-trabalhos-ate-o-dia-15-de-maio-de-2016","status":"publish","type":"post","link":"https:\/\/ppgecpan.ufms.br\/es\/esud-e-ciesud-abrem-inscricoes-para-submissao-de-trabalhos-ate-o-dia-15-de-maio-de-2016\/","title":{"rendered":"ESUD e CIESUD abrem inscri\u00e7\u00f5es para submiss\u00e3o de trabalhos at\u00e9 o dia 15 de maio de 2016"},"content":{"rendered":"<p>&nbsp;<\/p>\n<div>\n<p>Com o tema <b>\u201cHumanismo, Tecnologias e Pol\u00edticas em EaD\u201d<\/b>, o <b>XIII Congresso Brasileiro de Ensino Superior a Dist\u00e2ncia (ESUD 2016)<\/b> e o <b>II Congresso Internacional de Educa\u00e7\u00e3o Superior a Dist\u00e2ncia (CIESUD 2016)<\/b> abrem inscri\u00e7\u00f5es, at\u00e9 o dia 15 de maio de 2016 para a submiss\u00e3o de trabalhos na modalidade artigo cient\u00edfico e relato de experi\u00eancia, privilegiando pesquisas em torno dos quatro eixos tem\u00e1ticos (trilhas): <b>Tecnologia e seus usos na EaD; Pol\u00edtica e Gest\u00e3o em EaD; Processos de Forma\u00e7\u00e3o na EaD<\/b> e <b>Humanismo em EaD<\/b>.<\/p>\n<p>Os eventos s\u00e3o promovidos pela Associa\u00e7\u00e3o Universidade em Rede (UniRede) \u2013 um cons\u00f3rcio formado por institui\u00e7\u00f5es p\u00fablicas de ensino superior (Universidades Federais, Estaduais e Institutos Federais) \u2013, da qual a UFSJ faz parte, que t\u00eam por objetivo a promo\u00e7\u00e3o do desenvolvimento cient\u00edfico e tecnol\u00f3gico da Educa\u00e7\u00e3o a Dist\u00e2ncia; proporcionar a troca de experi\u00eancias entre institui\u00e7\u00f5es e pesquisadores sobre a modalidade a dist\u00e2ncia; divulgar trabalhos acad\u00eamicos nas \u00e1reas tem\u00e1ticas do evento e contribuir para a consolida\u00e7\u00e3o da Pol\u00edtica Nacional de Educa\u00e7\u00e3o com \u00eanfase na modalidade a dist\u00e2ncia.<\/p>\n<p>Os eventos ser\u00e3o realizados em S\u00e3o Jo\u00e3o del-Rei de 12 a 15 de setembro de 2016. Mais informa\u00e7\u00f5es sobre o evento e inscri\u00e7\u00f5es de submiss\u00f5es de trabalho na p\u00e1gina do evento <a href=\"http:\/\/esud2016.ufsj.edu.br\/\" target=\"_blank\"><span style=\"color: #1155cc\">http:\/\/esud2016.ufsj.edu.br\/<\/span><\/a> na op\u00e7\u00e3o <a href=\"http:\/\/esud2016.ufsj.edu.br\/evento\/submissoes\" target=\"_blank\"><span style=\"color: #1155cc\">Submiss\u00f5es<\/span><\/a> (<a href=\"http:\/\/esud2016.ufsj.edu.br\/evento\/submissoes\" target=\"_blank\"><span style=\"color: #1155cc\">http:\/\/esud2016.ufsj.edu.br\/<\/span>evento\/submissoes<\/a><span style=\"color: #222222\">).<\/span><\/p>\n<div>\u00a0\u00a0\u00a0 <a href=\"https:\/\/www.facebook.com\/esud2016\" target=\"_blank\" rel=\"attachment wp-att-1786\"><img decoding=\"async\" class=\"alignnone wp-image-1786 size-full\" src=\"http:\/\/ppgecpan.draconis.ufms.br\/files\/2016\/04\/f.png\" alt=\"f\" width=\"62\" height=\"49\" \/><\/a>\u00a0\u00a0 <a href=\"https:\/\/twitter.com\/ESUD_2016\" target=\"_blank\" rel=\"attachment wp-att-1787\"><img decoding=\"async\" class=\"alignnone wp-image-1787 size-full\" src=\"http:\/\/ppgecpan.draconis.ufms.br\/files\/2016\/04\/twiter.png\" alt=\"twiter\" width=\"62\" height=\"49\" \/><\/a>\u00a0\u00a0 <a href=\"https:\/\/www.youtube.com\/user\/ESUD2016\" target=\"_blank\" rel=\"attachment wp-att-1788\"><img decoding=\"async\" class=\"alignnone wp-image-1788 size-full\" src=\"http:\/\/ppgecpan.draconis.ufms.br\/files\/2016\/04\/youtube.png\" alt=\"youtube\" width=\"62\" height=\"49\" \/><\/a>\u00a0\u00a0 <a href=\"https:\/\/www.instagram.com\/esud2016\/\" target=\"_blank\" rel=\"attachment wp-att-1790\"><img loading=\"lazy\" decoding=\"async\" class=\"alignnone wp-image-1790 size-full\" src=\"http:\/\/ppgecpan.draconis.ufms.br\/files\/2016\/04\/instagran.png\" alt=\"instagran\" width=\"62\" height=\"49\" \/><\/a>\u00a0\u00a0 <a href=\"http:\/\/esud2016.ufsj.edu.br\/?format=feed&amp;type=rss\" target=\"_blank\" rel=\"attachment wp-att-1789\"><img loading=\"lazy\" decoding=\"async\" class=\"alignnone wp-image-1789 size-full\" src=\"http:\/\/ppgecpan.draconis.ufms.br\/files\/2016\/04\/rss.png\" alt=\"rss\" width=\"62\" height=\"49\" \/><\/a><\/div>\n<\/div>\n","protected":false},"excerpt":{"rendered":"<p>&nbsp; Com o tema \u201cHumanismo, Tecnologias e Pol\u00edticas em EaD\u201d, o XIII Congresso Brasileiro de Ensino Superior a Dist\u00e2ncia (ESUD 2016) e o II Congresso Internacional de Educa\u00e7\u00e3o Superior a Dist\u00e2ncia (CIESUD 2016) abrem inscri\u00e7\u00f5es, at\u00e9 o dia 15 de maio de 2016 para a submiss\u00e3o de trabalhos na modalidade artigo cient\u00edfico e relato de [&hellip;]<\/p>\n","protected":false},"author":2660,"featured_media":1784,"comment_status":"closed","ping_status":"open","sticky":false,"template":"","format":"standard","meta":{"footnotes":""},"categories":[17,10,39,1],"tags":[],"coauthors":[],"class_list":["post-1783","post","type-post","status-publish","format-standard","has-post-thumbnail","hentry","category-destaques","category-eventos","category-eventos-externos","category-noticias"],"_links":{"self":[{"href":"https:\/\/ppgecpan.ufms.br\/es\/wp-json\/wp\/v2\/posts\/1783","targetHints":{"allow":["GET"]}}],"collection":[{"href":"https:\/\/ppgecpan.ufms.br\/es\/wp-json\/wp\/v2\/posts"}],"about":[{"href":"https:\/\/ppgecpan.ufms.br\/es\/wp-json\/wp\/v2\/types\/post"}],"author":[{"embeddable":true,"href":"https:\/\/ppgecpan.ufms.br\/es\/wp-json\/wp\/v2\/users\/2660"}],"replies":[{"embeddable":true,"href":"https:\/\/ppgecpan.ufms.br\/es\/wp-json\/wp\/v2\/comments?post=1783"}],"version-history":[{"count":3,"href":"https:\/\/ppgecpan.ufms.br\/es\/wp-json\/wp\/v2\/posts\/1783\/revisions"}],"predecessor-version":[{"id":1792,"href":"https:\/\/ppgecpan.ufms.br\/es\/wp-json\/wp\/v2\/posts\/1783\/revisions\/1792"}],"wp:featuredmedia":[{"embeddable":true,"href":"https:\/\/ppgecpan.ufms.br\/es\/wp-json\/wp\/v2\/media\/1784"}],"wp:attachment":[{"href":"https:\/\/ppgecpan.ufms.br\/es\/wp-json\/wp\/v2\/media?parent=1783"}],"wp:term":[{"taxonomy":"category","embeddable":true,"href":"https:\/\/ppgecpan.ufms.br\/es\/wp-json\/wp\/v2\/categories?post=1783"},{"taxonomy":"post_tag","embeddable":true,"href":"https:\/\/ppgecpan.ufms.br\/es\/wp-json\/wp\/v2\/tags?post=1783"},{"taxonomy":"author","embeddable":true,"href":"https:\/\/ppgecpan.ufms.br\/es\/wp-json\/wp\/v2\/coauthors?post=1783"}],"curies":[{"name":"wp","href":"https:\/\/api.w.org\/{rel}","templated":true}]}}