{"id":1826,"date":"2016-04-10T18:59:08","date_gmt":"2016-04-10T22:59:08","guid":{"rendered":"http:\/\/ppgecpan.draconis.ufms.br\/?p=1826"},"modified":"2016-04-29T15:31:51","modified_gmt":"2016-04-29T19:31:51","slug":"i-seminario-curriculo-inclusao-e-educacao-escolar","status":"publish","type":"post","link":"https:\/\/ppgecpan.ufms.br\/es\/i-seminario-curriculo-inclusao-e-educacao-escolar\/","title":{"rendered":"I Semin\u00e1rio Curr\u00edculo, Inclus\u00e3o e Educa\u00e7\u00e3o Escolar"},"content":{"rendered":"<div dir=\"ltr\">\n<p>Segue o site do I SEMIN\u00c1RIO CURR\u00cdCULO, INCLUS\u00c3O E EDUCA\u00c7\u00c3O ESCOLAR, que ser\u00e1 realizado nos dias 11 e 12 de julho em PORTUGAL.<\/p>\n<div>\n<div><a href=\"http:\/\/www.ciee2016.com.br\/\" target=\"_blank\">http:\/\/www.ciee2016.com.br\/<\/a><\/div>\n<div><\/div>\n<\/div>\n<\/div>\n<div>Inscri\u00e7\u00f5es abertas!<\/div>\n","protected":false},"excerpt":{"rendered":"<p>Segue o site do I SEMIN\u00c1RIO CURR\u00cdCULO, INCLUS\u00c3O E EDUCA\u00c7\u00c3O ESCOLAR, que ser\u00e1 realizado nos dias 11 e 12 de julho em PORTUGAL. http:\/\/www.ciee2016.com.br\/ Inscri\u00e7\u00f5es abertas!<\/p>\n","protected":false},"author":2660,"featured_media":1850,"comment_status":"closed","ping_status":"open","sticky":false,"template":"","format":"standard","meta":{"footnotes":""},"categories":[10,39],"tags":[],"coauthors":[],"class_list":["post-1826","post","type-post","status-publish","format-standard","has-post-thumbnail","hentry","category-eventos","category-eventos-externos"],"_links":{"self":[{"href":"https:\/\/ppgecpan.ufms.br\/es\/wp-json\/wp\/v2\/posts\/1826","targetHints":{"allow":["GET"]}}],"collection":[{"href":"https:\/\/ppgecpan.ufms.br\/es\/wp-json\/wp\/v2\/posts"}],"about":[{"href":"https:\/\/ppgecpan.ufms.br\/es\/wp-json\/wp\/v2\/types\/post"}],"author":[{"embeddable":true,"href":"https:\/\/ppgecpan.ufms.br\/es\/wp-json\/wp\/v2\/users\/2660"}],"replies":[{"embeddable":true,"href":"https:\/\/ppgecpan.ufms.br\/es\/wp-json\/wp\/v2\/comments?post=1826"}],"version-history":[{"count":3,"href":"https:\/\/ppgecpan.ufms.br\/es\/wp-json\/wp\/v2\/posts\/1826\/revisions"}],"predecessor-version":[{"id":1849,"href":"https:\/\/ppgecpan.ufms.br\/es\/wp-json\/wp\/v2\/posts\/1826\/revisions\/1849"}],"wp:featuredmedia":[{"embeddable":true,"href":"https:\/\/ppgecpan.ufms.br\/es\/wp-json\/wp\/v2\/media\/1850"}],"wp:attachment":[{"href":"https:\/\/ppgecpan.ufms.br\/es\/wp-json\/wp\/v2\/media?parent=1826"}],"wp:term":[{"taxonomy":"category","embeddable":true,"href":"https:\/\/ppgecpan.ufms.br\/es\/wp-json\/wp\/v2\/categories?post=1826"},{"taxonomy":"post_tag","embeddable":true,"href":"https:\/\/ppgecpan.ufms.br\/es\/wp-json\/wp\/v2\/tags?post=1826"},{"taxonomy":"author","embeddable":true,"href":"https:\/\/ppgecpan.ufms.br\/es\/wp-json\/wp\/v2\/coauthors?post=1826"}],"curies":[{"name":"wp","href":"https:\/\/api.w.org\/{rel}","templated":true}]}}