{"id":1865,"date":"2016-04-25T10:18:38","date_gmt":"2016-04-25T14:18:38","guid":{"rendered":"http:\/\/ppgecpan.draconis.ufms.br\/?p=1865"},"modified":"2016-04-29T15:29:25","modified_gmt":"2016-04-29T19:29:25","slug":"revista-brasileira-de-educacao-do-campo-chamada-de-artigos","status":"publish","type":"post","link":"https:\/\/ppgecpan.ufms.br\/es\/revista-brasileira-de-educacao-do-campo-chamada-de-artigos\/","title":{"rendered":"Revista Brasileira de Educa\u00e7\u00e3o do Campo &#8211; Chamada para Artigos"},"content":{"rendered":"<p>A\u00a0<strong>Revista<\/strong>\u00a0<strong>Brasileira de Educa\u00e7\u00e3o do Campo<\/strong>, de periodicidade semestral, publica Artigos originais resultantes de pesquisas te\u00f3ricas e\/ou emp\u00edricas, Dossi\u00eas Tem\u00e1ticos, Ensaios, Entrevistas e Resenhas de temas vinculados \u00e0 Educa\u00e7\u00e3o do Campo sob diferentes campos da pesquisa, a saber: Hist\u00f3ria da Educa\u00e7\u00e3o do Campo; Movimentos Sociais; Pol\u00edticas P\u00fablicas; Jovens e Adultos do Campo; Forma\u00e7\u00e3o Docente; Povos Ind\u00edgenas e Educa\u00e7\u00e3o; Did\u00e1tica e Pr\u00e1ticas Pedag\u00f3gicas em Artes e M\u00fasica; Arte na Educa\u00e7\u00e3o do Campo; Interculturalidade na Educa\u00e7\u00e3o do Campo; Pedagogia da Altern\u00e2ncia; Quest\u00e3o Agr\u00e1ria e Campesinato. Publica textos em portugu\u00eas, espanhol e ingl\u00eas.<\/p>\n<p>&nbsp;<\/p>\n<p>Os manuscritos dever\u00e3o ser enviados por meio do sistema da revista (<a href=\"http:\/\/revista.uft.edu.br\/index.php\/campo\/about\/submissions#onlineSubmissions\">http:\/\/revista.uft.edu.br\/index.php\/campo\/about\/submissions#onlineSubmissions<\/a>) at\u00e9 <strong>1 de julho<\/strong>, para aprecia\u00e7\u00e3o. Caso sejam aprovados, ser\u00e3o publicados em agosto deste ano.<\/p>\n<p>&nbsp;<\/p>\n<p>Maiores informa\u00e7\u00f5es no site da revista: (<a href=\"http:\/\/revista.uft.edu.br\/index.php\/campo\/index\">http:\/\/revista.uft.edu.br\/index.php\/campo\/index<\/a>).<\/p>\n<p>&nbsp;<\/p>\n<p>&nbsp;<\/p>\n<p>&#8212;<\/p>\n<p><strong>Atenciosamente,<\/strong><\/p>\n<p><strong>\u00a0<\/strong><\/p>\n<p><strong>Revista Brasileira de Educa\u00e7\u00e3o do Campo &#8211; RBEC<\/strong><\/p>\n<p><strong>Departamento de Educa\u00e7\u00e3o do Campo<\/strong><\/p>\n<p><strong>Licenciatura em Educa\u00e7\u00e3o do Campo com Habilita\u00e7\u00e3o em Artes e M\u00fasica (C\u00f3digos e Linguagens)<\/strong><\/p>\n<p><strong>C\u00e2mpus Universit\u00e1rio de Tocantin\u00f3polis<\/strong><\/p>\n<p><strong>Universidade Federal do Tocantins &#8211; UFT<\/strong><\/p>\n<p><a href=\"http:\/\/revista.uft.edu.br\/index.php\/campo\/index\">http:\/\/revista.uft.edu.br\/index.php\/campo\/index<\/a><\/p>\n<p><a href=\"mailto:rbec@uft.edu.br\">rbec@uft.edu.br<\/a><\/p>\n<p>&#8212;<\/p>\n","protected":false},"excerpt":{"rendered":"<p>A\u00a0Revista\u00a0Brasileira de Educa\u00e7\u00e3o do Campo, de periodicidade semestral, publica Artigos originais resultantes de pesquisas te\u00f3ricas e\/ou emp\u00edricas, Dossi\u00eas Tem\u00e1ticos, Ensaios, Entrevistas e Resenhas de temas vinculados \u00e0 Educa\u00e7\u00e3o do Campo sob diferentes campos da pesquisa, a saber: Hist\u00f3ria da Educa\u00e7\u00e3o do Campo; Movimentos Sociais; Pol\u00edticas P\u00fablicas; Jovens e Adultos do Campo; Forma\u00e7\u00e3o Docente; Povos Ind\u00edgenas [&hellip;]<\/p>\n","protected":false},"author":2660,"featured_media":1866,"comment_status":"closed","ping_status":"open","sticky":false,"template":"","format":"standard","meta":{"footnotes":""},"categories":[37],"tags":[],"coauthors":[],"class_list":["post-1865","post","type-post","status-publish","format-standard","has-post-thumbnail","hentry","category-calls-for-publication"],"_links":{"self":[{"href":"https:\/\/ppgecpan.ufms.br\/es\/wp-json\/wp\/v2\/posts\/1865","targetHints":{"allow":["GET"]}}],"collection":[{"href":"https:\/\/ppgecpan.ufms.br\/es\/wp-json\/wp\/v2\/posts"}],"about":[{"href":"https:\/\/ppgecpan.ufms.br\/es\/wp-json\/wp\/v2\/types\/post"}],"author":[{"embeddable":true,"href":"https:\/\/ppgecpan.ufms.br\/es\/wp-json\/wp\/v2\/users\/2660"}],"replies":[{"embeddable":true,"href":"https:\/\/ppgecpan.ufms.br\/es\/wp-json\/wp\/v2\/comments?post=1865"}],"version-history":[{"count":1,"href":"https:\/\/ppgecpan.ufms.br\/es\/wp-json\/wp\/v2\/posts\/1865\/revisions"}],"predecessor-version":[{"id":1867,"href":"https:\/\/ppgecpan.ufms.br\/es\/wp-json\/wp\/v2\/posts\/1865\/revisions\/1867"}],"wp:featuredmedia":[{"embeddable":true,"href":"https:\/\/ppgecpan.ufms.br\/es\/wp-json\/wp\/v2\/media\/1866"}],"wp:attachment":[{"href":"https:\/\/ppgecpan.ufms.br\/es\/wp-json\/wp\/v2\/media?parent=1865"}],"wp:term":[{"taxonomy":"category","embeddable":true,"href":"https:\/\/ppgecpan.ufms.br\/es\/wp-json\/wp\/v2\/categories?post=1865"},{"taxonomy":"post_tag","embeddable":true,"href":"https:\/\/ppgecpan.ufms.br\/es\/wp-json\/wp\/v2\/tags?post=1865"},{"taxonomy":"author","embeddable":true,"href":"https:\/\/ppgecpan.ufms.br\/es\/wp-json\/wp\/v2\/coauthors?post=1865"}],"curies":[{"name":"wp","href":"https:\/\/api.w.org\/{rel}","templated":true}]}}