{"id":1868,"date":"2016-04-25T16:42:27","date_gmt":"2016-04-25T20:42:27","guid":{"rendered":"http:\/\/ppgecpan.draconis.ufms.br\/?p=1868"},"modified":"2017-09-28T15:32:35","modified_gmt":"2017-09-28T19:32:35","slug":"1868-2","status":"publish","type":"post","link":"https:\/\/ppgecpan.ufms.br\/es\/1868-2\/","title":{"rendered":"Convite: Grupos de Pesquisa e Internacionaliza\u00e7\u00e3o do Programa de P\u00f3s-Gradua\u00e7\u00e3o em Educa\u00e7\u00e3o \u2013 Educa\u00e7\u00e3o Social \u2013 PPGE &#8211; PAPOS"},"content":{"rendered":"<div>A Universidade Federal de Mato Grosso do Sul, Campus do Pantanal, por interm\u00e9dio do Programa de P\u00f3s-Gradua\u00e7\u00e3o em Educa\u00e7\u00e3o \u2013 Educa\u00e7\u00e3o Social, convida a comunidade acad\u00eamica, Corumb\u00e1 e Lad\u00e1rio para participarem da atividade de apresenta\u00e7\u00e3o de seus Grupos de Pesquisa e Internacionaliza\u00e7\u00e3o do Programa de P\u00f3s-Gradua\u00e7\u00e3o em Educa\u00e7\u00e3o \u2013 Educa\u00e7\u00e3o Social \u2013 PPGE &#8211; PAPOS.<\/div>\n<div><\/div>\n<div>\n<div><\/div>\n<div>Data: <strong>27\/04\/2016 \u2013 Audit\u00f3rio da UFMS &#8211; Unidade III \u2013 Porto Geral<\/strong><\/div>\n<div><strong>19h00<\/strong><\/div>\n<div><strong>Mesa redonda<\/strong><\/div>\n<div>A import\u00e2ncia da Coopera\u00e7\u00e3o Internacional em pesquisa para as regi\u00f5es de fronteira entre o Brasil e a Bol\u00edvia.<\/div>\n<div>Parceria: Universidade Federal de Mato Grosso do Sul e Universidade Autonoma Gabriel Ren\u00e9 Moreno<\/div>\n<\/div>\n<div><\/div>\n<div>\n<div>Palestrantes:<\/div>\n<div>Prof. PhD. Alfredo Mena Veliz \u2013 UAGRM<\/div>\n<div>Licenciado Hagler Justiniano Cujuy \u2013 UAGRM<\/div>\n<div>Profa. Dra. Cl\u00e1udia Ara\u00fajo de Lima &#8211; UFMS<\/div>\n<div><\/div>\n<div><\/div>\n<\/div>\n<div><strong>CONVITE PORTUGU\u00caS &#8211; <a href=\"http:\/\/ppgecpan.draconis.ufms.br\/files\/2016\/04\/Convite-mesa-redonda-UFMS-e-UAGRM-27.04.2016.pdf\" target=\"_blank\" rel=\"noopener noreferrer\">AQUI<\/a><\/strong><\/div>\n<div><strong>CONVITE ESPANHOL &#8211; <a href=\"http:\/\/ppgecpan.draconis.ufms.br\/files\/2016\/04\/Convite-mesa-redonda-UFMS-e-UAGRM-27.04.2016-traduzido.pdf\" target=\"_blank\" rel=\"noopener noreferrer\">AQUI<\/a><\/strong><\/div>\n<div><\/div>\n<div>\n<div>Apoio FUNDECT\/PAPOS\/CAPES<\/div>\n<\/div>\n","protected":false},"excerpt":{"rendered":"<p>A Universidade Federal de Mato Grosso do Sul, Campus do Pantanal, por interm\u00e9dio do Programa de P\u00f3s-Gradua\u00e7\u00e3o em Educa\u00e7\u00e3o \u2013 Educa\u00e7\u00e3o Social, convida a comunidade acad\u00eamica, Corumb\u00e1 e Lad\u00e1rio para participarem da atividade de apresenta\u00e7\u00e3o de seus Grupos de Pesquisa e Internacionaliza\u00e7\u00e3o do Programa de P\u00f3s-Gradua\u00e7\u00e3o em Educa\u00e7\u00e3o \u2013 Educa\u00e7\u00e3o Social \u2013 PPGE &#8211; PAPOS. [&hellip;]<\/p>\n","protected":false},"author":2660,"featured_media":1895,"comment_status":"closed","ping_status":"open","sticky":false,"template":"","format":"standard","meta":{"footnotes":""},"categories":[17,10,38,1],"tags":[],"coauthors":[],"class_list":["post-1868","post","type-post","status-publish","format-standard","has-post-thumbnail","hentry","category-destaques","category-eventos","category-eventos-internos","category-noticias"],"_links":{"self":[{"href":"https:\/\/ppgecpan.ufms.br\/es\/wp-json\/wp\/v2\/posts\/1868","targetHints":{"allow":["GET"]}}],"collection":[{"href":"https:\/\/ppgecpan.ufms.br\/es\/wp-json\/wp\/v2\/posts"}],"about":[{"href":"https:\/\/ppgecpan.ufms.br\/es\/wp-json\/wp\/v2\/types\/post"}],"author":[{"embeddable":true,"href":"https:\/\/ppgecpan.ufms.br\/es\/wp-json\/wp\/v2\/users\/2660"}],"replies":[{"embeddable":true,"href":"https:\/\/ppgecpan.ufms.br\/es\/wp-json\/wp\/v2\/comments?post=1868"}],"version-history":[{"count":4,"href":"https:\/\/ppgecpan.ufms.br\/es\/wp-json\/wp\/v2\/posts\/1868\/revisions"}],"predecessor-version":[{"id":2929,"href":"https:\/\/ppgecpan.ufms.br\/es\/wp-json\/wp\/v2\/posts\/1868\/revisions\/2929"}],"wp:featuredmedia":[{"embeddable":true,"href":"https:\/\/ppgecpan.ufms.br\/es\/wp-json\/wp\/v2\/media\/1895"}],"wp:attachment":[{"href":"https:\/\/ppgecpan.ufms.br\/es\/wp-json\/wp\/v2\/media?parent=1868"}],"wp:term":[{"taxonomy":"category","embeddable":true,"href":"https:\/\/ppgecpan.ufms.br\/es\/wp-json\/wp\/v2\/categories?post=1868"},{"taxonomy":"post_tag","embeddable":true,"href":"https:\/\/ppgecpan.ufms.br\/es\/wp-json\/wp\/v2\/tags?post=1868"},{"taxonomy":"author","embeddable":true,"href":"https:\/\/ppgecpan.ufms.br\/es\/wp-json\/wp\/v2\/coauthors?post=1868"}],"curies":[{"name":"wp","href":"https:\/\/api.w.org\/{rel}","templated":true}]}}