{"id":1877,"date":"2016-04-25T16:29:36","date_gmt":"2016-04-25T20:29:36","guid":{"rendered":"http:\/\/ppgecpan.draconis.ufms.br\/?p=1877"},"modified":"2016-04-29T15:30:24","modified_gmt":"2016-04-29T19:30:24","slug":"1877-2","status":"publish","type":"post","link":"https:\/\/ppgecpan.ufms.br\/es\/1877-2\/","title":{"rendered":"II Semin\u00e1rio Nacional de Pesquisa em Educa\u00e7\u00e3o: Conex\u00f5es e Di\u00e1logos na P\u00f3s-Gradua\u00e7\u00e3o"},"content":{"rendered":"<div>Divulgamos o \u00a0&#8220;<strong>II Semin\u00e1rio Nacional de Pesquisa em Educa\u00e7\u00e3o: Conex\u00f5es e Di\u00e1logos na P\u00f3s-Gradua\u00e7\u00e3o<\/strong>&#8220;.<\/div>\n<div><\/div>\n<div>Este \u00e9 um evento do PPGE Unioeste, UFPEL e UFFS.<\/div>\n<div><\/div>\n<div>Informa\u00e7\u00f5es no endere\u00e7o:<\/div>\n<div><a href=\"http:\/\/segundosenpe.wix.com\/segundosenpe\" target=\"_blank\"><span style=\"color: #1155cc\">http:\/\/segundosenpe.wix.com\/<\/span>segundosenpe<\/a><\/div>\n<div><\/div>\n<div><\/div>\n","protected":false},"excerpt":{"rendered":"<p>Divulgamos o \u00a0&#8220;II Semin\u00e1rio Nacional de Pesquisa em Educa\u00e7\u00e3o: Conex\u00f5es e Di\u00e1logos na P\u00f3s-Gradua\u00e7\u00e3o&#8220;. Este \u00e9 um evento do PPGE Unioeste, UFPEL e UFFS. Informa\u00e7\u00f5es no endere\u00e7o: http:\/\/segundosenpe.wix.com\/segundosenpe<\/p>\n","protected":false},"author":2660,"featured_media":1878,"comment_status":"closed","ping_status":"open","sticky":false,"template":"","format":"standard","meta":{"footnotes":""},"categories":[10,39],"tags":[],"coauthors":[],"class_list":["post-1877","post","type-post","status-publish","format-standard","has-post-thumbnail","hentry","category-eventos","category-eventos-externos"],"_links":{"self":[{"href":"https:\/\/ppgecpan.ufms.br\/es\/wp-json\/wp\/v2\/posts\/1877","targetHints":{"allow":["GET"]}}],"collection":[{"href":"https:\/\/ppgecpan.ufms.br\/es\/wp-json\/wp\/v2\/posts"}],"about":[{"href":"https:\/\/ppgecpan.ufms.br\/es\/wp-json\/wp\/v2\/types\/post"}],"author":[{"embeddable":true,"href":"https:\/\/ppgecpan.ufms.br\/es\/wp-json\/wp\/v2\/users\/2660"}],"replies":[{"embeddable":true,"href":"https:\/\/ppgecpan.ufms.br\/es\/wp-json\/wp\/v2\/comments?post=1877"}],"version-history":[{"count":1,"href":"https:\/\/ppgecpan.ufms.br\/es\/wp-json\/wp\/v2\/posts\/1877\/revisions"}],"predecessor-version":[{"id":1879,"href":"https:\/\/ppgecpan.ufms.br\/es\/wp-json\/wp\/v2\/posts\/1877\/revisions\/1879"}],"wp:featuredmedia":[{"embeddable":true,"href":"https:\/\/ppgecpan.ufms.br\/es\/wp-json\/wp\/v2\/media\/1878"}],"wp:attachment":[{"href":"https:\/\/ppgecpan.ufms.br\/es\/wp-json\/wp\/v2\/media?parent=1877"}],"wp:term":[{"taxonomy":"category","embeddable":true,"href":"https:\/\/ppgecpan.ufms.br\/es\/wp-json\/wp\/v2\/categories?post=1877"},{"taxonomy":"post_tag","embeddable":true,"href":"https:\/\/ppgecpan.ufms.br\/es\/wp-json\/wp\/v2\/tags?post=1877"},{"taxonomy":"author","embeddable":true,"href":"https:\/\/ppgecpan.ufms.br\/es\/wp-json\/wp\/v2\/coauthors?post=1877"}],"curies":[{"name":"wp","href":"https:\/\/api.w.org\/{rel}","templated":true}]}}