{"id":1883,"date":"2016-04-25T16:37:37","date_gmt":"2016-04-25T20:37:37","guid":{"rendered":"http:\/\/ppgecpan.draconis.ufms.br\/?p=1883"},"modified":"2016-04-29T15:28:36","modified_gmt":"2016-04-29T19:28:36","slug":"131o-coloquio-em-educacao","status":"publish","type":"post","link":"https:\/\/ppgecpan.ufms.br\/es\/131o-coloquio-em-educacao\/","title":{"rendered":"131\u00ba Col\u00f3quio em Educa\u00e7\u00e3o: O negro como colonizador do Sul de Mato Grosso (1890-2011)"},"content":{"rendered":"<p>O Programa de P\u00f3s-Gradua\u00e7\u00e3o em Educa\u00e7\u00e3o &#8211; Mestrado e Doutorado (PPGE\/UCDB) e o Grupo de Pesquisa Educa\u00e7\u00e3o e Interculturalidade\/CNPq<\/p>\n<p><strong>\u00a0<\/strong><\/p>\n<p><strong>Convidam:<\/strong><\/p>\n<p><strong>\u00a0<\/strong><strong>131\u00ba Col\u00f3quio em Educa\u00e7\u00e3o<\/strong><\/p>\n<p><strong>\u00a0<\/strong><strong>\u201cO negro como colonizador do Sul de Mato Grosso (1890-2011): Hist\u00f3ria Oral de negros quilombolas\u201d<\/strong><\/p>\n<p>&nbsp;<\/p>\n<p><strong>Palestrante<\/strong><\/p>\n<p><strong>Prof. Dr. Lourival dos Santos &#8211;\u00a0UFMS<\/strong><\/p>\n<p><strong>\u00a0<\/strong><\/p>\n<p><u>Dia:<\/u> 20 de abril de 2016\u00a0(quarta-feira)<\/p>\n<p>Hor\u00e1rio: 13h30min<\/p>\n<p><u>Local:<\/u> Sala de aula PPGE\/UCDB 36<\/p>\n<p>&nbsp;<\/p>\n","protected":false},"excerpt":{"rendered":"<p>O Programa de P\u00f3s-Gradua\u00e7\u00e3o em Educa\u00e7\u00e3o &#8211; Mestrado e Doutorado (PPGE\/UCDB) e o Grupo de Pesquisa Educa\u00e7\u00e3o e Interculturalidade\/CNPq \u00a0 Convidam: \u00a0131\u00ba Col\u00f3quio em Educa\u00e7\u00e3o \u00a0\u201cO negro como colonizador do Sul de Mato Grosso (1890-2011): Hist\u00f3ria Oral de negros quilombolas\u201d &nbsp; Palestrante Prof. Dr. Lourival dos Santos &#8211;\u00a0UFMS \u00a0 Dia: 20 de abril de 2016\u00a0(quarta-feira) [&hellip;]<\/p>\n","protected":false},"author":2660,"featured_media":1884,"comment_status":"closed","ping_status":"open","sticky":false,"template":"","format":"standard","meta":{"footnotes":""},"categories":[10,39],"tags":[],"coauthors":[],"class_list":["post-1883","post","type-post","status-publish","format-standard","has-post-thumbnail","hentry","category-eventos","category-eventos-externos"],"_links":{"self":[{"href":"https:\/\/ppgecpan.ufms.br\/es\/wp-json\/wp\/v2\/posts\/1883","targetHints":{"allow":["GET"]}}],"collection":[{"href":"https:\/\/ppgecpan.ufms.br\/es\/wp-json\/wp\/v2\/posts"}],"about":[{"href":"https:\/\/ppgecpan.ufms.br\/es\/wp-json\/wp\/v2\/types\/post"}],"author":[{"embeddable":true,"href":"https:\/\/ppgecpan.ufms.br\/es\/wp-json\/wp\/v2\/users\/2660"}],"replies":[{"embeddable":true,"href":"https:\/\/ppgecpan.ufms.br\/es\/wp-json\/wp\/v2\/comments?post=1883"}],"version-history":[{"count":2,"href":"https:\/\/ppgecpan.ufms.br\/es\/wp-json\/wp\/v2\/posts\/1883\/revisions"}],"predecessor-version":[{"id":1891,"href":"https:\/\/ppgecpan.ufms.br\/es\/wp-json\/wp\/v2\/posts\/1883\/revisions\/1891"}],"wp:featuredmedia":[{"embeddable":true,"href":"https:\/\/ppgecpan.ufms.br\/es\/wp-json\/wp\/v2\/media\/1884"}],"wp:attachment":[{"href":"https:\/\/ppgecpan.ufms.br\/es\/wp-json\/wp\/v2\/media?parent=1883"}],"wp:term":[{"taxonomy":"category","embeddable":true,"href":"https:\/\/ppgecpan.ufms.br\/es\/wp-json\/wp\/v2\/categories?post=1883"},{"taxonomy":"post_tag","embeddable":true,"href":"https:\/\/ppgecpan.ufms.br\/es\/wp-json\/wp\/v2\/tags?post=1883"},{"taxonomy":"author","embeddable":true,"href":"https:\/\/ppgecpan.ufms.br\/es\/wp-json\/wp\/v2\/coauthors?post=1883"}],"curies":[{"name":"wp","href":"https:\/\/api.w.org\/{rel}","templated":true}]}}