{"id":1909,"date":"2016-04-26T14:35:44","date_gmt":"2016-04-26T18:35:44","guid":{"rendered":"http:\/\/ppgecpan.draconis.ufms.br\/?p=1909"},"modified":"2016-04-29T15:27:47","modified_gmt":"2016-04-29T19:27:47","slug":"divulgacao-de-submissao-para-coletanea","status":"publish","type":"post","link":"https:\/\/ppgecpan.ufms.br\/es\/divulgacao-de-submissao-para-coletanea\/","title":{"rendered":"Chamada para publica\u00e7\u00e3o de cap\u00edtulo em colet\u00e2nea: Educa\u00e7\u00e3o Infantil"},"content":{"rendered":"<p>Segue\u00a0o folder para divulga\u00e7\u00e3o de chamada para publica\u00e7\u00e3o de cap\u00edtulo em colet\u00e2nea organizada pela Professora Doutora M\u00e1rcia Tereza, da UNEB.<\/p>\n<p><strong>FOLDER &#8211; <a href=\"http:\/\/ppgecpan.draconis.ufms.br\/files\/2016\/04\/sumiss\u00e3o.pdf\" target=\"_blank\">AQUI<\/a><\/strong><\/p>\n<p><span class=\"HOEnZb\"><span style=\"color: #888888\"><span style=\"color: #888888\">&#8212;<br \/>\n<\/span><\/span><\/span><\/p>\n<div>\n<div dir=\"ltr\">\n<div><strong>Atenciosamente,<\/strong><\/div>\n<div><strong>\u00a0<\/strong><\/div>\n<div><strong>R. Martins<\/strong><\/div>\n<div><strong>Coordena\u00e7\u00e3o Dictio Brasil &#8211; <a href=\"mailto:dictiobrasil@gmail.com\" target=\"_blank\" rel=\"noreferrer\">dictiobrasil@gmail.com<\/a><\/strong><\/div>\n<div><\/div>\n<div><a href=\"http:\/\/www.mareseditores.com.br\/\" target=\"_blank\" rel=\"noreferrer\">http:\/\/www.mareseditores.com.br\/<\/a> \u00a0&#8211; \u00a0<a href=\"http:\/\/www.mareseditores.wix.com\/dictio\" target=\"_blank\" rel=\"noreferrer\">www.mareseditores.wix.com\/dictio<\/a><\/div>\n<div>Dictio Brasil \u00e9 um selo editorial de Mares Editores.<\/div>\n<\/div>\n<\/div>\n<p>&nbsp;<\/p>\n","protected":false},"excerpt":{"rendered":"<p>Segue\u00a0o folder para divulga\u00e7\u00e3o de chamada para publica\u00e7\u00e3o de cap\u00edtulo em colet\u00e2nea organizada pela Professora Doutora M\u00e1rcia Tereza, da UNEB. FOLDER &#8211; AQUI &#8212; Atenciosamente, \u00a0 R. Martins Coordena\u00e7\u00e3o Dictio Brasil &#8211; dictiobrasil@gmail.com http:\/\/www.mareseditores.com.br\/ \u00a0&#8211; \u00a0www.mareseditores.wix.com\/dictio Dictio Brasil \u00e9 um selo editorial de Mares Editores. &nbsp;<\/p>\n","protected":false},"author":2660,"featured_media":1911,"comment_status":"closed","ping_status":"open","sticky":false,"template":"","format":"standard","meta":{"footnotes":""},"categories":[37],"tags":[],"coauthors":[],"class_list":["post-1909","post","type-post","status-publish","format-standard","has-post-thumbnail","hentry","category-calls-for-publication"],"_links":{"self":[{"href":"https:\/\/ppgecpan.ufms.br\/es\/wp-json\/wp\/v2\/posts\/1909","targetHints":{"allow":["GET"]}}],"collection":[{"href":"https:\/\/ppgecpan.ufms.br\/es\/wp-json\/wp\/v2\/posts"}],"about":[{"href":"https:\/\/ppgecpan.ufms.br\/es\/wp-json\/wp\/v2\/types\/post"}],"author":[{"embeddable":true,"href":"https:\/\/ppgecpan.ufms.br\/es\/wp-json\/wp\/v2\/users\/2660"}],"replies":[{"embeddable":true,"href":"https:\/\/ppgecpan.ufms.br\/es\/wp-json\/wp\/v2\/comments?post=1909"}],"version-history":[{"count":1,"href":"https:\/\/ppgecpan.ufms.br\/es\/wp-json\/wp\/v2\/posts\/1909\/revisions"}],"predecessor-version":[{"id":1912,"href":"https:\/\/ppgecpan.ufms.br\/es\/wp-json\/wp\/v2\/posts\/1909\/revisions\/1912"}],"wp:featuredmedia":[{"embeddable":true,"href":"https:\/\/ppgecpan.ufms.br\/es\/wp-json\/wp\/v2\/media\/1911"}],"wp:attachment":[{"href":"https:\/\/ppgecpan.ufms.br\/es\/wp-json\/wp\/v2\/media?parent=1909"}],"wp:term":[{"taxonomy":"category","embeddable":true,"href":"https:\/\/ppgecpan.ufms.br\/es\/wp-json\/wp\/v2\/categories?post=1909"},{"taxonomy":"post_tag","embeddable":true,"href":"https:\/\/ppgecpan.ufms.br\/es\/wp-json\/wp\/v2\/tags?post=1909"},{"taxonomy":"author","embeddable":true,"href":"https:\/\/ppgecpan.ufms.br\/es\/wp-json\/wp\/v2\/coauthors?post=1909"}],"curies":[{"name":"wp","href":"https:\/\/api.w.org\/{rel}","templated":true}]}}