{"id":1929,"date":"2016-04-29T15:20:10","date_gmt":"2016-04-29T19:20:10","guid":{"rendered":"http:\/\/ppgecpan.draconis.ufms.br\/?p=1929"},"modified":"2016-04-29T15:20:39","modified_gmt":"2016-04-29T19:20:39","slug":"minicursos-ppgeducchsufms","status":"publish","type":"post","link":"https:\/\/ppgecpan.ufms.br\/es\/minicursos-ppgeducchsufms\/","title":{"rendered":"Minicursos PPGEdu\/CCHS\/UFMS"},"content":{"rendered":"<p>Convidamos a todos para participarem do minicurso: &#8220;Bourdieu e as Desigualdades Sociais e Escolares&#8221;, com Norberto Dallabrida\/UDESC, nos dias 10 e 11\/05\/2016 das 14:00 \u00e0s 17:00, no Anfiteatro de Arquitetura.<\/p>\n<div>Programa\u00e7\u00e3o com os demais minicursos do 1\u00ba semestre 2016: <a href=\"http:\/\/ppgecpan.draconis.ufms.br\/files\/2016\/04\/CRONOGRAMA-MINICURSOS-2016.1.pdf\" target=\"_blank\">aqui<\/a>.<\/div>\n","protected":false},"excerpt":{"rendered":"<p>Convidamos a todos para participarem do minicurso: &#8220;Bourdieu e as Desigualdades Sociais e Escolares&#8221;, com Norberto Dallabrida\/UDESC, nos dias 10 e 11\/05\/2016 das 14:00 \u00e0s 17:00, no Anfiteatro de Arquitetura. Programa\u00e7\u00e3o com os demais minicursos do 1\u00ba semestre 2016: aqui.<\/p>\n","protected":false},"author":2660,"featured_media":0,"comment_status":"closed","ping_status":"open","sticky":false,"template":"","format":"standard","meta":{"footnotes":""},"categories":[10,39],"tags":[],"coauthors":[],"class_list":["post-1929","post","type-post","status-publish","format-standard","hentry","category-eventos","category-eventos-externos"],"_links":{"self":[{"href":"https:\/\/ppgecpan.ufms.br\/es\/wp-json\/wp\/v2\/posts\/1929","targetHints":{"allow":["GET"]}}],"collection":[{"href":"https:\/\/ppgecpan.ufms.br\/es\/wp-json\/wp\/v2\/posts"}],"about":[{"href":"https:\/\/ppgecpan.ufms.br\/es\/wp-json\/wp\/v2\/types\/post"}],"author":[{"embeddable":true,"href":"https:\/\/ppgecpan.ufms.br\/es\/wp-json\/wp\/v2\/users\/2660"}],"replies":[{"embeddable":true,"href":"https:\/\/ppgecpan.ufms.br\/es\/wp-json\/wp\/v2\/comments?post=1929"}],"version-history":[{"count":2,"href":"https:\/\/ppgecpan.ufms.br\/es\/wp-json\/wp\/v2\/posts\/1929\/revisions"}],"predecessor-version":[{"id":1932,"href":"https:\/\/ppgecpan.ufms.br\/es\/wp-json\/wp\/v2\/posts\/1929\/revisions\/1932"}],"wp:attachment":[{"href":"https:\/\/ppgecpan.ufms.br\/es\/wp-json\/wp\/v2\/media?parent=1929"}],"wp:term":[{"taxonomy":"category","embeddable":true,"href":"https:\/\/ppgecpan.ufms.br\/es\/wp-json\/wp\/v2\/categories?post=1929"},{"taxonomy":"post_tag","embeddable":true,"href":"https:\/\/ppgecpan.ufms.br\/es\/wp-json\/wp\/v2\/tags?post=1929"},{"taxonomy":"author","embeddable":true,"href":"https:\/\/ppgecpan.ufms.br\/es\/wp-json\/wp\/v2\/coauthors?post=1929"}],"curies":[{"name":"wp","href":"https:\/\/api.w.org\/{rel}","templated":true}]}}