{"id":1953,"date":"2016-05-06T12:07:49","date_gmt":"2016-05-06T16:07:49","guid":{"rendered":"http:\/\/ppgecpan.draconis.ufms.br\/?p=1953"},"modified":"2016-05-06T12:07:49","modified_gmt":"2016-05-06T16:07:49","slug":"revista-educacao-em-foco","status":"publish","type":"post","link":"https:\/\/ppgecpan.ufms.br\/es\/revista-educacao-em-foco\/","title":{"rendered":"Revista Educa\u00e7\u00e3o em Foco"},"content":{"rendered":"<p>Prezadas (os) colegas,<\/p>\n<div><\/div>\n<div><\/div>\n<div>Com satisfa\u00e7\u00e3o, comunicamos que a Revista do nosso PPGE est\u00e1 com chamada aberta para publica\u00e7\u00e3o.<\/div>\n<div>Gentileza divulgar!<\/div>\n<div>Att.<\/div>\n<div>Profa. Vera Nogueira<\/div>\n<div><\/div>\n<div><\/div>\n<div>Visitem o site: <a href=\"http:\/\/www.uemg.br\/openjournal\/index.php\/educacaoemfoco\/announcement\" target=\"_blank\">http:\/\/www.uemg.br\/openjournal\/index.php\/educacaoemfoco\/announcement<\/a><\/div>\n<div><\/div>\n<div><\/div>\n<div>\u00a0A Revista Educa\u00e7\u00e3o em Foco, publicada desde 1995,\u00a0 pela Faculdade de Educa\u00e7\u00e3o, atrav\u00e9s do seu Centro de Comunica\u00e7\u00e3o &#8211; CenC, tem como objetivo divulgar a produ\u00e7\u00e3o intelectual relacionada a assuntos educacionais, especialmente aqueles ligados a escola p\u00fablica. Editada semestralmente, acolhe artigos in\u00e9ditos enviados por colaboradores conforme normas para publica\u00e7\u00e3o constantes em sua p\u00e1gina.<\/div>\n<div><strong>Qualis\/Capes:\u00a0<\/strong>B1 &#8211; Educa\u00e7\u00e3o &#8211;\u00a0ISSN: 2317-0093<\/div>\n","protected":false},"excerpt":{"rendered":"<p>Prezadas (os) colegas, Com satisfa\u00e7\u00e3o, comunicamos que a Revista do nosso PPGE est\u00e1 com chamada aberta para publica\u00e7\u00e3o. Gentileza divulgar! Att. Profa. Vera Nogueira Visitem o site: http:\/\/www.uemg.br\/openjournal\/index.php\/educacaoemfoco\/announcement \u00a0A Revista Educa\u00e7\u00e3o em Foco, publicada desde 1995,\u00a0 pela Faculdade de Educa\u00e7\u00e3o, atrav\u00e9s do seu Centro de Comunica\u00e7\u00e3o &#8211; CenC, tem como objetivo divulgar a produ\u00e7\u00e3o intelectual [&hellip;]<\/p>\n","protected":false},"author":2660,"featured_media":1955,"comment_status":"closed","ping_status":"open","sticky":false,"template":"","format":"standard","meta":{"footnotes":""},"categories":[37],"tags":[],"coauthors":[],"class_list":["post-1953","post","type-post","status-publish","format-standard","has-post-thumbnail","hentry","category-calls-for-publication"],"_links":{"self":[{"href":"https:\/\/ppgecpan.ufms.br\/es\/wp-json\/wp\/v2\/posts\/1953","targetHints":{"allow":["GET"]}}],"collection":[{"href":"https:\/\/ppgecpan.ufms.br\/es\/wp-json\/wp\/v2\/posts"}],"about":[{"href":"https:\/\/ppgecpan.ufms.br\/es\/wp-json\/wp\/v2\/types\/post"}],"author":[{"embeddable":true,"href":"https:\/\/ppgecpan.ufms.br\/es\/wp-json\/wp\/v2\/users\/2660"}],"replies":[{"embeddable":true,"href":"https:\/\/ppgecpan.ufms.br\/es\/wp-json\/wp\/v2\/comments?post=1953"}],"version-history":[{"count":1,"href":"https:\/\/ppgecpan.ufms.br\/es\/wp-json\/wp\/v2\/posts\/1953\/revisions"}],"predecessor-version":[{"id":1954,"href":"https:\/\/ppgecpan.ufms.br\/es\/wp-json\/wp\/v2\/posts\/1953\/revisions\/1954"}],"wp:featuredmedia":[{"embeddable":true,"href":"https:\/\/ppgecpan.ufms.br\/es\/wp-json\/wp\/v2\/media\/1955"}],"wp:attachment":[{"href":"https:\/\/ppgecpan.ufms.br\/es\/wp-json\/wp\/v2\/media?parent=1953"}],"wp:term":[{"taxonomy":"category","embeddable":true,"href":"https:\/\/ppgecpan.ufms.br\/es\/wp-json\/wp\/v2\/categories?post=1953"},{"taxonomy":"post_tag","embeddable":true,"href":"https:\/\/ppgecpan.ufms.br\/es\/wp-json\/wp\/v2\/tags?post=1953"},{"taxonomy":"author","embeddable":true,"href":"https:\/\/ppgecpan.ufms.br\/es\/wp-json\/wp\/v2\/coauthors?post=1953"}],"curies":[{"name":"wp","href":"https:\/\/api.w.org\/{rel}","templated":true}]}}