{"id":1956,"date":"2016-05-06T12:13:07","date_gmt":"2016-05-06T16:13:07","guid":{"rendered":"http:\/\/ppgecpan.draconis.ufms.br\/?p=1956"},"modified":"2016-05-06T12:13:07","modified_gmt":"2016-05-06T16:13:07","slug":"chamada-de-minicursos-para-o-ii-encontro-de-praticas-pedagogicas-epp-envio-de-propostas-ate-3105","status":"publish","type":"post","link":"https:\/\/ppgecpan.ufms.br\/es\/chamada-de-minicursos-para-o-ii-encontro-de-praticas-pedagogicas-epp-envio-de-propostas-ate-3105\/","title":{"rendered":"Chamada de Minicursos para o II Encontro de Pr\u00e1ticas Pedag\u00f3gicas (EPP) &#8211; envio de propostas at\u00e9 31\/05"},"content":{"rendered":"<p>Submiss\u00e3o de propostas de minicursos e palestras para o II Encontro de Pr\u00e1ticas Pedag\u00f3gicas (EPP):<\/p>\n<p>O II EPP \u00e9 uma iniciativa do Grupo de Pesquisas de Forma\u00e7\u00e3o de Professores para o Ensino B\u00e1sico, T\u00e9cnico, Tecnol\u00f3gico e Superior (FoPeTec) e da Coordena\u00e7\u00e3o de Pesquisa e Inova\u00e7\u00e3o do Instituto Federal de Educa\u00e7\u00e3o, Ci\u00eancia e Tecnologia de S\u00e3o Paulo (IFSP).<\/p>\n<p>Trata-se de um evento cient\u00edfico das \u00e1reas de Educa\u00e7\u00e3o e Ensino, voltado para discuss\u00f5es sobre as vicissitudes das licenciaturas, da forma\u00e7\u00e3o de professores e do exerc\u00edcio da atividade docente.<\/p>\n<p>O evento acontece nos dias 20 e 21 de setembro de 2016 no IFSP Itapetininga e demais informa\u00e7\u00f5es est\u00e3o no site:<a href=\"http:\/\/epp0.webnode.com.br\/\" target=\"_blank\">http:\/\/epp0.webnode.com.br\/<\/a><\/p>\n<p>Aos interessados em apresentar um minicurso ou uma palestra devem enviar, at\u00e9 31 de maio, sua proposta para\u00a0<a href=\"mailto:epp.itape.2016@gmail.com\" target=\"_blank\">epp.itape.2016@gmail.com<\/a><\/p>\n<p>A proposta deve estar no corpo do email e conter<\/p>\n<p>(1) T\u00edtulo<br \/>\n(2) Nome do proponente, titula\u00e7\u00e3o, cargo, institui\u00e7\u00e3o e link para o lattes<br \/>\n(3) E-mail e telefone<br \/>\n(4) P\u00fablico-alvo e quantidade de participantes<br \/>\n(5) Indicar tempo previsto 2 ou 4 horas<br \/>\n(6) Indicar dia 20 ou 21, e hor\u00e1rio de prefer\u00eancia 10h, 14h, 16h ou 18h<br \/>\n(7) Ementa do minicurso\/palestra em at\u00e9 4000 caracteres<\/p>\n<p>O IFSP Itapetininga oferece sala com equipamento multim\u00eddia, certificado de apresenta\u00e7\u00e3o de trabalho e publica\u00e7\u00e3o da ementa nos anais do evento.<\/p>\n","protected":false},"excerpt":{"rendered":"<p>Submiss\u00e3o de propostas de minicursos e palestras para o II Encontro de Pr\u00e1ticas Pedag\u00f3gicas (EPP): O II EPP \u00e9 uma iniciativa do Grupo de Pesquisas de Forma\u00e7\u00e3o de Professores para o Ensino B\u00e1sico, T\u00e9cnico, Tecnol\u00f3gico e Superior (FoPeTec) e da Coordena\u00e7\u00e3o de Pesquisa e Inova\u00e7\u00e3o do Instituto Federal de Educa\u00e7\u00e3o, Ci\u00eancia e Tecnologia de S\u00e3o [&hellip;]<\/p>\n","protected":false},"author":2660,"featured_media":1957,"comment_status":"closed","ping_status":"open","sticky":false,"template":"","format":"standard","meta":{"footnotes":""},"categories":[10,39],"tags":[],"coauthors":[],"class_list":["post-1956","post","type-post","status-publish","format-standard","has-post-thumbnail","hentry","category-eventos","category-eventos-externos"],"_links":{"self":[{"href":"https:\/\/ppgecpan.ufms.br\/es\/wp-json\/wp\/v2\/posts\/1956","targetHints":{"allow":["GET"]}}],"collection":[{"href":"https:\/\/ppgecpan.ufms.br\/es\/wp-json\/wp\/v2\/posts"}],"about":[{"href":"https:\/\/ppgecpan.ufms.br\/es\/wp-json\/wp\/v2\/types\/post"}],"author":[{"embeddable":true,"href":"https:\/\/ppgecpan.ufms.br\/es\/wp-json\/wp\/v2\/users\/2660"}],"replies":[{"embeddable":true,"href":"https:\/\/ppgecpan.ufms.br\/es\/wp-json\/wp\/v2\/comments?post=1956"}],"version-history":[{"count":1,"href":"https:\/\/ppgecpan.ufms.br\/es\/wp-json\/wp\/v2\/posts\/1956\/revisions"}],"predecessor-version":[{"id":1958,"href":"https:\/\/ppgecpan.ufms.br\/es\/wp-json\/wp\/v2\/posts\/1956\/revisions\/1958"}],"wp:featuredmedia":[{"embeddable":true,"href":"https:\/\/ppgecpan.ufms.br\/es\/wp-json\/wp\/v2\/media\/1957"}],"wp:attachment":[{"href":"https:\/\/ppgecpan.ufms.br\/es\/wp-json\/wp\/v2\/media?parent=1956"}],"wp:term":[{"taxonomy":"category","embeddable":true,"href":"https:\/\/ppgecpan.ufms.br\/es\/wp-json\/wp\/v2\/categories?post=1956"},{"taxonomy":"post_tag","embeddable":true,"href":"https:\/\/ppgecpan.ufms.br\/es\/wp-json\/wp\/v2\/tags?post=1956"},{"taxonomy":"author","embeddable":true,"href":"https:\/\/ppgecpan.ufms.br\/es\/wp-json\/wp\/v2\/coauthors?post=1956"}],"curies":[{"name":"wp","href":"https:\/\/api.w.org\/{rel}","templated":true}]}}