{"id":1982,"date":"2016-05-27T08:30:17","date_gmt":"2016-05-27T12:30:17","guid":{"rendered":"http:\/\/ppgecpan.draconis.ufms.br\/?p=1982"},"modified":"2016-06-04T15:52:14","modified_gmt":"2016-06-04T19:52:14","slug":"edital-selecao-de-alunos-regulares-2016","status":"publish","type":"post","link":"https:\/\/ppgecpan.ufms.br\/es\/edital-selecao-de-alunos-regulares-2016\/","title":{"rendered":"Inscri\u00e7\u00f5es abertas para sele\u00e7\u00e3o de alunos regulares &#8211; Mestrado em Educa\u00e7\u00e3o 2016"},"content":{"rendered":"<p>O PR\u00d3-REITOR DE PESQUISA, P\u00d3S-GRADUA\u00c7\u00c3O E INOVA\u00c7\u00c3O da Funda\u00e7\u00e3o Universidade Federal de Mato Grosso do Sul, no uso de suas atribui\u00e7\u00f5es, torna p\u00fablica a abertura de inscri\u00e7\u00f5es do Processo Seletivo visando \u00e0 <strong>sele\u00e7\u00e3o de candidatos para preenchimento de vagas no Programa de P\u00f3s-Gradua\u00e7\u00e3o em Educa\u00e7\u00e3o<\/strong>, Curso de Mestrado, do C\u00e2mpus do Pantanal, com <strong>doze vagas<\/strong> e ingresso no segundo semestre letivo de 2016.<\/p>\n<p><strong>Acesso ao edital, <a href=\"http:\/\/ppgecpan.draconis.ufms.br\/files\/2016\/05\/Processo-Seletivo-Mestrado-em-Educa\u00e7\u00e3o-CPAN-2016.2.pdf\" target=\"_blank\">AQUI<\/a>.<\/strong><\/p>\n","protected":false},"excerpt":{"rendered":"<p>O PR\u00d3-REITOR DE PESQUISA, P\u00d3S-GRADUA\u00c7\u00c3O E INOVA\u00c7\u00c3O da Funda\u00e7\u00e3o Universidade Federal de Mato Grosso do Sul, no uso de suas atribui\u00e7\u00f5es, torna p\u00fablica a abertura de inscri\u00e7\u00f5es do Processo Seletivo visando \u00e0 sele\u00e7\u00e3o de candidatos para preenchimento de vagas no Programa de P\u00f3s-Gradua\u00e7\u00e3o em Educa\u00e7\u00e3o, Curso de Mestrado, do C\u00e2mpus do Pantanal, com doze vagas [&hellip;]<\/p>\n","protected":false},"author":2660,"featured_media":108,"comment_status":"closed","ping_status":"open","sticky":false,"template":"","format":"standard","meta":{"footnotes":""},"categories":[1,57],"tags":[],"coauthors":[],"class_list":["post-1982","post","type-post","status-publish","format-standard","has-post-thumbnail","hentry","category-noticias","category-processos-seletivos-noticias"],"_links":{"self":[{"href":"https:\/\/ppgecpan.ufms.br\/es\/wp-json\/wp\/v2\/posts\/1982","targetHints":{"allow":["GET"]}}],"collection":[{"href":"https:\/\/ppgecpan.ufms.br\/es\/wp-json\/wp\/v2\/posts"}],"about":[{"href":"https:\/\/ppgecpan.ufms.br\/es\/wp-json\/wp\/v2\/types\/post"}],"author":[{"embeddable":true,"href":"https:\/\/ppgecpan.ufms.br\/es\/wp-json\/wp\/v2\/users\/2660"}],"replies":[{"embeddable":true,"href":"https:\/\/ppgecpan.ufms.br\/es\/wp-json\/wp\/v2\/comments?post=1982"}],"version-history":[{"count":13,"href":"https:\/\/ppgecpan.ufms.br\/es\/wp-json\/wp\/v2\/posts\/1982\/revisions"}],"predecessor-version":[{"id":2010,"href":"https:\/\/ppgecpan.ufms.br\/es\/wp-json\/wp\/v2\/posts\/1982\/revisions\/2010"}],"wp:featuredmedia":[{"embeddable":true,"href":"https:\/\/ppgecpan.ufms.br\/es\/wp-json\/wp\/v2\/media\/108"}],"wp:attachment":[{"href":"https:\/\/ppgecpan.ufms.br\/es\/wp-json\/wp\/v2\/media?parent=1982"}],"wp:term":[{"taxonomy":"category","embeddable":true,"href":"https:\/\/ppgecpan.ufms.br\/es\/wp-json\/wp\/v2\/categories?post=1982"},{"taxonomy":"post_tag","embeddable":true,"href":"https:\/\/ppgecpan.ufms.br\/es\/wp-json\/wp\/v2\/tags?post=1982"},{"taxonomy":"author","embeddable":true,"href":"https:\/\/ppgecpan.ufms.br\/es\/wp-json\/wp\/v2\/coauthors?post=1982"}],"curies":[{"name":"wp","href":"https:\/\/api.w.org\/{rel}","templated":true}]}}