{"id":2093,"date":"2016-07-28T18:27:28","date_gmt":"2016-07-28T22:27:28","guid":{"rendered":"http:\/\/ppgecpan.draconis.ufms.br\/?p=2093"},"modified":"2016-08-04T13:18:52","modified_gmt":"2016-08-04T17:18:52","slug":"ppgecpan-abre-selecao-para-alunos-especiais-com-ingresso-no-segundo-semestre-de-2016","status":"publish","type":"post","link":"https:\/\/ppgecpan.ufms.br\/es\/ppgecpan-abre-selecao-para-alunos-especiais-com-ingresso-no-segundo-semestre-de-2016\/","title":{"rendered":"PPGE\/CPAN abre sele\u00e7\u00e3o para alunos especiais com ingresso no segundo semestre de 2016"},"content":{"rendered":"<p><strong>O PPGE\/CPAN abre sele\u00e7\u00e3o\u00a0para alunos especiais\u00a0com ingresso no segundo semestre de 2016.<\/strong><\/p>\n<p>&nbsp;<\/p>\n<p>Confira as datas:<\/p>\n<p>&nbsp;<\/p>\n<p>04 e 05\/08\/2016 \u2013\u00a0<strong>Inscri\u00e7\u00e3o<\/strong>\u00a0para alunos especiais<\/p>\n<p>10\/08\/2016 \u2013 Resultado da sele\u00e7\u00e3o dos alunos especiais no site do PPGE<\/p>\n<p>11 e 12\/08\/2016 \u2013\u00a0<strong>Matr\u00edcula<\/strong>\u00a0para alunos especiais<\/p>\n<p>15\/08\/2016 \u2013 in\u00edcio das aulas<\/p>\n<p>&nbsp;<\/p>\n<p><u>Pode ser feita inscri\u00e7\u00e3o em apenas\u00a0<strong>uma<\/strong>\u00a0das disciplinas a seguir:<\/u><\/p>\n<p>&nbsp;<\/p>\n<p>&#8211; A sa\u00fade do(a) professor(a): dor, adoecimento e precariza\u00e7\u00e3o do trabalho docente &#8211; Prof. Dr. Ilidio Roda Neves \u2013 \u00c0s segundas feiras, das 18h \u00e0s 22h;<\/p>\n<p>&#8211; Consci\u00eancia, cultura e educa\u00e7\u00e3o \u2013 Prof. Dra. Beatriz Rosalia Gomes Xavier Flandoli \u2013 \u00c0s ter\u00e7as feiras, das 08h \u00e0s 12h;<\/p>\n<p>&#8211; Fundamentos Sociol\u00f3gicos e Educa\u00e7\u00e3o Social &#8211; Prof. Dra. Isabella Fernanda Ferreira \u2013 \u00c0s quartas feiras, das 18h30 \u00e0s 22h;<\/p>\n<p>&#8211; Pol\u00edticas P\u00fablicas, educa\u00e7\u00e3o e sa\u00fade no Brasil &#8211; Prof. Dra. Claudia Ara\u00fajo de Lima \u2013 \u00c0s quintas feiras, das 14h \u00e0s 18h;<\/p>\n<p>&#8211; Trabalho, educa\u00e7\u00e3o e hegemonia &#8211; Prof. Dr. Fabiano Antonio dos Santos \u2013 \u00c0s quintas feiras, das 18h \u00e0s 22h;<\/p>\n<p>&#8211; Desenvolvimento Humano, G\u00eanero e Educa\u00e7\u00e3o \u2013 Prof. Dra. Josiane Peres Gon\u00e7alves \u2013 \u00c0s ter\u00e7as feiras, das 19h \u00e0s 22h30, no <strong><em>Campus <\/em>de Navira\u00ed<\/strong><em>.<\/em><\/p>\n<p>&nbsp;<\/p>\n<p>Fa\u00e7a sua <strong>inscri\u00e7\u00e3o<\/strong> aqui:<\/p>\n<p>&nbsp;<\/p>\n<p><a href=\"http:\/\/www.docs.google.com\/forms\/d\/e\/1FAIpQLSc7_AKeGTzJKRtY9mUjOzPzkcRG5gvzoxqFkh_jxdrYseDo6Q\/viewform\" target=\"_blank\">http:\/\/www.docs.google.com\/forms\/d\/e\/1FAIpQLSc7_AKeGTzJKRtY9mUjOzPzkcRG5gvzoxqFkh_jxdrYseDo6Q\/viewform<\/a><\/p>\n<p>&nbsp;<\/p>\n<p><strong>DOCUMENTOS PARA MATR\u00cdCULA:<\/strong><\/p>\n<p>\u2013 Os candidatos que tiveram sua\u00a0<strong> inscri\u00e7\u00e3o deferida<\/strong>\u00a0dever\u00e3o comparecer na secretaria do PPGE (Rua Domingos Sahib, 99, Bairro Cervejaria, em frente ao Centro de Conven\u00e7\u00f5es), no dia acima mencionado para efetuar matr\u00edcula com original e c\u00f3pia de: CERTID\u00c3O DE NASCIMENTO OU CASAMENTO, RG, CPF, T\u00cdTULO DE ELEITOR, CERTIFICADO DE CONCLUS\u00c3O DE GRADUA\u00c7\u00c3O OU DIPLOMA E CERTIFICADO DE RESERVISTA.<\/p>\n<p>&nbsp;<\/p>\n<p>Em caso de d\u00favidas, entrar em contato com a Secretaria.<\/p>\n<p>Telf.: (67) 3234-6214 ou (67) 3234-6212.<\/p>\n<p>Email:\u00a0<a href=\"mailto:ppge.cpan@ufms.br\">ppge.cpan@ufms.br<\/a><\/p>\n<p>&nbsp;<\/p>\n","protected":false},"excerpt":{"rendered":"<p>O PPGE\/CPAN abre sele\u00e7\u00e3o\u00a0para alunos especiais\u00a0com ingresso no segundo semestre de 2016. &nbsp; Confira as datas: &nbsp; 04 e 05\/08\/2016 \u2013\u00a0Inscri\u00e7\u00e3o\u00a0para alunos especiais 10\/08\/2016 \u2013 Resultado da sele\u00e7\u00e3o dos alunos especiais no site do PPGE 11 e 12\/08\/2016 \u2013\u00a0Matr\u00edcula\u00a0para alunos especiais 15\/08\/2016 \u2013 in\u00edcio das aulas &nbsp; Pode ser feita inscri\u00e7\u00e3o em apenas\u00a0uma\u00a0das disciplinas a [&hellip;]<\/p>\n","protected":false},"author":2660,"featured_media":2094,"comment_status":"closed","ping_status":"open","sticky":false,"template":"","format":"standard","meta":{"footnotes":""},"categories":[17,1],"tags":[],"coauthors":[],"class_list":["post-2093","post","type-post","status-publish","format-standard","has-post-thumbnail","hentry","category-destaques","category-noticias"],"_links":{"self":[{"href":"https:\/\/ppgecpan.ufms.br\/es\/wp-json\/wp\/v2\/posts\/2093","targetHints":{"allow":["GET"]}}],"collection":[{"href":"https:\/\/ppgecpan.ufms.br\/es\/wp-json\/wp\/v2\/posts"}],"about":[{"href":"https:\/\/ppgecpan.ufms.br\/es\/wp-json\/wp\/v2\/types\/post"}],"author":[{"embeddable":true,"href":"https:\/\/ppgecpan.ufms.br\/es\/wp-json\/wp\/v2\/users\/2660"}],"replies":[{"embeddable":true,"href":"https:\/\/ppgecpan.ufms.br\/es\/wp-json\/wp\/v2\/comments?post=2093"}],"version-history":[{"count":6,"href":"https:\/\/ppgecpan.ufms.br\/es\/wp-json\/wp\/v2\/posts\/2093\/revisions"}],"predecessor-version":[{"id":2116,"href":"https:\/\/ppgecpan.ufms.br\/es\/wp-json\/wp\/v2\/posts\/2093\/revisions\/2116"}],"wp:featuredmedia":[{"embeddable":true,"href":"https:\/\/ppgecpan.ufms.br\/es\/wp-json\/wp\/v2\/media\/2094"}],"wp:attachment":[{"href":"https:\/\/ppgecpan.ufms.br\/es\/wp-json\/wp\/v2\/media?parent=2093"}],"wp:term":[{"taxonomy":"category","embeddable":true,"href":"https:\/\/ppgecpan.ufms.br\/es\/wp-json\/wp\/v2\/categories?post=2093"},{"taxonomy":"post_tag","embeddable":true,"href":"https:\/\/ppgecpan.ufms.br\/es\/wp-json\/wp\/v2\/tags?post=2093"},{"taxonomy":"author","embeddable":true,"href":"https:\/\/ppgecpan.ufms.br\/es\/wp-json\/wp\/v2\/coauthors?post=2093"}],"curies":[{"name":"wp","href":"https:\/\/api.w.org\/{rel}","templated":true}]}}