{"id":211,"date":"2012-03-14T19:03:08","date_gmt":"2012-03-14T23:03:08","guid":{"rendered":"http:\/\/ppgecpan.draconis.ufms.br\/?p=211"},"modified":"2016-02-19T16:00:25","modified_gmt":"2016-02-19T20:00:25","slug":"seminario-do-grupo-de-pesquisa-politicas-publicas-de-educacao-e-educacao-especial-observatorio-da-educacao-capes","status":"publish","type":"post","link":"https:\/\/ppgecpan.ufms.br\/es\/seminario-do-grupo-de-pesquisa-politicas-publicas-de-educacao-e-educacao-especial-observatorio-da-educacao-capes\/","title":{"rendered":"Semin\u00e1rio do grupo de Pesquisa  Pol\u00edticas P\u00fablicas de educa\u00e7\u00e3o e educa\u00e7\u00e3o especial  &#8211; Observat\u00f3rio da Educa\u00e7\u00e3o &#8211; CAPES."},"content":{"rendered":"<div>\n<div>\n<div>De\u00a028\/03\/2012 a 30\/03\/2012<\/div>\n<\/div>\n<div>Local:\u00a0Centro de Conven\u00e7\u00f5es de Corumb\u00e1<\/div>\n<div><\/div>\n<div><strong>Participa\u00e7\u00e3o:<\/strong><\/div>\n<div>Adriana Lia F. Laplane (UNICAMP) e orientandos<\/div>\n<div>Edelir Salom\u00e3o Garcia (UFMS) e orientandos<\/div>\n<div>Jos\u00e9 Geraldo Silveira Bueno (PUC-SP)<\/div>\n<div>Katia R. M. Caiado (UFSCar) e orientandos<\/div>\n<div>Maria Helena Michels (UFSC) e orientandos<\/div>\n<div>M\u00f4nica C. M. Kassar (UFMS) e orientandos<\/div>\n<div>Rosalba Garcia (UFSC) e orientandos<\/div>\n<div>Silvia M. F. Meletti (UEL) e orientandos<\/div>\n<div>\n<div>Thomas Skrtic (Universidade de Kansas &#8211; EUA)<\/div>\n<\/div>\n<div><\/div>\n<\/div>\n<div>Aten\u00e7\u00e3o: atividade limitada aos alunos do Programa de p\u00f3s-gradua\u00e7\u00e3o em Educa\u00e7\u00e3o (apenas 20 vagas), preferencialmente a mestrandos que desenvolvem pesquisas relacionadas \u00e0 tem\u00e1tica.<\/div>\n","protected":false},"excerpt":{"rendered":"<p>De\u00a028\/03\/2012 a 30\/03\/2012 Local:\u00a0Centro de Conven\u00e7\u00f5es de Corumb\u00e1 Participa\u00e7\u00e3o: Adriana Lia F. Laplane (UNICAMP) e orientandos Edelir Salom\u00e3o Garcia (UFMS) e orientandos Jos\u00e9 Geraldo Silveira Bueno (PUC-SP) Katia R. M. Caiado (UFSCar) e orientandos Maria Helena Michels (UFSC) e orientandos M\u00f4nica C. M. Kassar (UFMS) e orientandos Rosalba Garcia (UFSC) e orientandos Silvia M. F. [&hellip;]<\/p>\n","protected":false},"author":7,"featured_media":0,"comment_status":"closed","ping_status":"open","sticky":false,"template":"","format":"standard","meta":{"footnotes":""},"categories":[1],"tags":[],"coauthors":[],"class_list":["post-211","post","type-post","status-publish","format-standard","hentry","category-noticias"],"_links":{"self":[{"href":"https:\/\/ppgecpan.ufms.br\/es\/wp-json\/wp\/v2\/posts\/211","targetHints":{"allow":["GET"]}}],"collection":[{"href":"https:\/\/ppgecpan.ufms.br\/es\/wp-json\/wp\/v2\/posts"}],"about":[{"href":"https:\/\/ppgecpan.ufms.br\/es\/wp-json\/wp\/v2\/types\/post"}],"author":[{"embeddable":true,"href":"https:\/\/ppgecpan.ufms.br\/es\/wp-json\/wp\/v2\/users\/7"}],"replies":[{"embeddable":true,"href":"https:\/\/ppgecpan.ufms.br\/es\/wp-json\/wp\/v2\/comments?post=211"}],"version-history":[{"count":4,"href":"https:\/\/ppgecpan.ufms.br\/es\/wp-json\/wp\/v2\/posts\/211\/revisions"}],"predecessor-version":[{"id":213,"href":"https:\/\/ppgecpan.ufms.br\/es\/wp-json\/wp\/v2\/posts\/211\/revisions\/213"}],"wp:attachment":[{"href":"https:\/\/ppgecpan.ufms.br\/es\/wp-json\/wp\/v2\/media?parent=211"}],"wp:term":[{"taxonomy":"category","embeddable":true,"href":"https:\/\/ppgecpan.ufms.br\/es\/wp-json\/wp\/v2\/categories?post=211"},{"taxonomy":"post_tag","embeddable":true,"href":"https:\/\/ppgecpan.ufms.br\/es\/wp-json\/wp\/v2\/tags?post=211"},{"taxonomy":"author","embeddable":true,"href":"https:\/\/ppgecpan.ufms.br\/es\/wp-json\/wp\/v2\/coauthors?post=211"}],"curies":[{"name":"wp","href":"https:\/\/api.w.org\/{rel}","templated":true}]}}