{"id":2132,"date":"2016-08-13T14:26:58","date_gmt":"2016-08-13T18:26:58","guid":{"rendered":"http:\/\/ppgecpan.draconis.ufms.br\/?p=2132"},"modified":"2016-08-13T14:26:58","modified_gmt":"2016-08-13T18:26:58","slug":"ix-jornada-de-psicologia-socio-historica","status":"publish","type":"post","link":"https:\/\/ppgecpan.ufms.br\/es\/ix-jornada-de-psicologia-socio-historica\/","title":{"rendered":"IX Jornada de Psicologia S\u00f3cio Hist\u00f3rica"},"content":{"rendered":"<p>A Equipe de Psicologia S\u00f3cio Hist\u00f3rica da Faculdade de Ci\u00eancias Humanas e da Sa\u00fade &#8211; Curso de Psicologia, da Pontif\u00edcia Universidade Cat\u00f3lica de S\u00e3o Paulo, realizar\u00e1 a\u00a0<strong>IX Jornada de Psicologia S\u00f3cio Hist\u00f3rica,\u00a0<\/strong>com o tema Democracia e o Papel Social da M\u00eddia. O evento acontecer\u00e1 no dia\u00a0<strong>05 de outubro de 2016<\/strong>, das 09h \u00e0s 18h30, no Tucarena\/PUCSP &#8211; Rua Bartira, 1034 \u2013 S\u00e3o Paulo \u2013 SP.<\/p>\n<p>Esta Jornada \u00e9 um espa\u00e7o de di\u00e1logo e de encontro de professores e estudantes de Psicologia. A Equipe de S\u00f3cio Hist\u00f3rica considera importante a participa\u00e7\u00e3o de professores e estudantes de diferentes cursos e universidades para o engrandecimento e qualifica\u00e7\u00e3o do evento.<\/p>\n<p>Esclarecimentos e orienta\u00e7\u00f5es que possam viabilizar a presen\u00e7a de professores e estudantes atrav\u00e9s do e-mail:\u00a0<a href=\"mailto:sociohistoricapucsp@gmail.com\">sociohistoricapucsp@gmail.com<\/a>.<\/p>\n<p>As inscri\u00e7\u00f5es de trabalho dever\u00e3o ser feitas, at\u00e9\u00a012\/09, no site da PUCSP:\u00a0<u><a href=\"http:\/\/www4.pucsp.br\/eventos\/jornadasociohistorica\" target=\"_blank\">http:\/\/www4.pucsp.br\/eventos\/jornadasociohistorica<\/a>.<\/u><\/p>\n<p>Para participa\u00e7\u00e3o, sem apresenta\u00e7\u00e3o de trabalhos, n\u00e3o \u00e9 necess\u00e1ria inscri\u00e7\u00e3o. N\u00e3o h\u00e1 taxas em nenhuma das duas situa\u00e7\u00f5es.<\/p>\n","protected":false},"excerpt":{"rendered":"<p>A Equipe de Psicologia S\u00f3cio Hist\u00f3rica da Faculdade de Ci\u00eancias Humanas e da Sa\u00fade &#8211; Curso de Psicologia, da Pontif\u00edcia Universidade Cat\u00f3lica de S\u00e3o Paulo, realizar\u00e1 a\u00a0IX Jornada de Psicologia S\u00f3cio Hist\u00f3rica,\u00a0com o tema Democracia e o Papel Social da M\u00eddia. O evento acontecer\u00e1 no dia\u00a005 de outubro de 2016, das 09h \u00e0s 18h30, no [&hellip;]<\/p>\n","protected":false},"author":2660,"featured_media":2133,"comment_status":"closed","ping_status":"open","sticky":false,"template":"","format":"standard","meta":{"footnotes":""},"categories":[17,10,39,1],"tags":[],"coauthors":[],"class_list":["post-2132","post","type-post","status-publish","format-standard","has-post-thumbnail","hentry","category-destaques","category-eventos","category-eventos-externos","category-noticias"],"_links":{"self":[{"href":"https:\/\/ppgecpan.ufms.br\/es\/wp-json\/wp\/v2\/posts\/2132","targetHints":{"allow":["GET"]}}],"collection":[{"href":"https:\/\/ppgecpan.ufms.br\/es\/wp-json\/wp\/v2\/posts"}],"about":[{"href":"https:\/\/ppgecpan.ufms.br\/es\/wp-json\/wp\/v2\/types\/post"}],"author":[{"embeddable":true,"href":"https:\/\/ppgecpan.ufms.br\/es\/wp-json\/wp\/v2\/users\/2660"}],"replies":[{"embeddable":true,"href":"https:\/\/ppgecpan.ufms.br\/es\/wp-json\/wp\/v2\/comments?post=2132"}],"version-history":[{"count":1,"href":"https:\/\/ppgecpan.ufms.br\/es\/wp-json\/wp\/v2\/posts\/2132\/revisions"}],"predecessor-version":[{"id":2134,"href":"https:\/\/ppgecpan.ufms.br\/es\/wp-json\/wp\/v2\/posts\/2132\/revisions\/2134"}],"wp:featuredmedia":[{"embeddable":true,"href":"https:\/\/ppgecpan.ufms.br\/es\/wp-json\/wp\/v2\/media\/2133"}],"wp:attachment":[{"href":"https:\/\/ppgecpan.ufms.br\/es\/wp-json\/wp\/v2\/media?parent=2132"}],"wp:term":[{"taxonomy":"category","embeddable":true,"href":"https:\/\/ppgecpan.ufms.br\/es\/wp-json\/wp\/v2\/categories?post=2132"},{"taxonomy":"post_tag","embeddable":true,"href":"https:\/\/ppgecpan.ufms.br\/es\/wp-json\/wp\/v2\/tags?post=2132"},{"taxonomy":"author","embeddable":true,"href":"https:\/\/ppgecpan.ufms.br\/es\/wp-json\/wp\/v2\/coauthors?post=2132"}],"curies":[{"name":"wp","href":"https:\/\/api.w.org\/{rel}","templated":true}]}}