{"id":2135,"date":"2016-08-14T19:58:11","date_gmt":"2016-08-14T23:58:11","guid":{"rendered":"http:\/\/ppgecpan.draconis.ufms.br\/?p=2135"},"modified":"2016-08-14T20:03:21","modified_gmt":"2016-08-15T00:03:21","slug":"ii-jornada-brasileira-de-educacao-e-linguagem-xi-jornada-de-educacao-de-ms-ii-encontro-dos-mestrados-profissionais-em-educacao-e-letras","status":"publish","type":"post","link":"https:\/\/ppgecpan.ufms.br\/es\/ii-jornada-brasileira-de-educacao-e-linguagem-xi-jornada-de-educacao-de-ms-ii-encontro-dos-mestrados-profissionais-em-educacao-e-letras\/","title":{"rendered":"II Jornada Brasileira de Educa\u00e7\u00e3o e Linguagem | XI Jornada de Educa\u00e7\u00e3o de MS | II Encontro dos Mestrados Profissionais em Educa\u00e7\u00e3o e Letras"},"content":{"rendered":"<div><span style=\"font-family: arial, helvetica, sans-serif;font-size: large\">Mais informa\u00e7\u00f5es no site:\u00a0<\/span><\/div>\n<div><span style=\"font-family: arial, helvetica, sans-serif;font-size: large\"><a href=\"http:\/\/eventos.sistemas.uems.br\/pagina\/p\/jornadabrasileira2016\" target=\"_blank\">eventos.sistemas.uems.br\/pagina\/p\/jornadabrasileira2016<\/a>.<br \/>\n<\/span><\/div>\n<div><span style=\"font-family: arial, helvetica, sans-serif;font-size: large\">Evento Nacional. A UFMS \u00e9 institui\u00e7\u00e3o promotora do evento junto com a UEMS, UCDB e UNIDERP.\u00a0<\/span><\/div>\n<div>\n<p><span style=\"font-family: arial, helvetica, sans-serif;font-size: large\">J\u00e1 est\u00e1 aberto o per\u00edodo de submiss\u00e3o de trabalhos, que vai at\u00e9 31\/08.<br \/>\n<\/span><\/p>\n<p><span style=\"font-family: arial, helvetica, sans-serif;font-size: large\">GRUPOS DE TRABALHO:<\/span><\/p>\n<p><span style=\"font-family: arial, helvetica, sans-serif;font-size: large\">GT 01 \u2013 Educa\u00e7\u00e3o, Diversidade e Linguagem<br \/>\nGT 02 \u2013 Educa\u00e7\u00e3o B\u00e1sica, Estado e Pol\u00edticas P\u00fablicas<br \/>\nGT 03 \u2013 Organiza\u00e7\u00e3o do Trabalho Did\u00e1tico<br \/>\nGT 04 \u2013 Educa\u00e7\u00e3o e Ensino de Literatura<br \/>\nGT 05 &#8211; Educa\u00e7\u00e3o, Hist\u00f3ria, Filosofia e Cultura<br \/>\nGT 06 &#8211; Curr\u00edculo e Forma\u00e7\u00e3o de Professores<br \/>\nGT 07 &#8211; Alfabetiza\u00e7\u00e3o, Leitura e Escrita<br \/>\nGT 08 &#8211; Inf\u00e2ncia e Educa\u00e7\u00e3o Infantil<br \/>\nGT 09 \u2013 Pol\u00edticas P\u00fablicas para o Ensino Superior<br \/>\nGT 10 &#8211; Letramento e Tecnologias Educacionais<br \/>\nGT 11 &#8211; Lingu\u00edstica, Letras e Artes<br \/>\nGT 12 \u2013 Educa\u00e7\u00e3o Ambiental e Sustentabilidade<\/span><\/p>\n<\/div>\n","protected":false},"excerpt":{"rendered":"<p>Mais informa\u00e7\u00f5es no site:\u00a0 eventos.sistemas.uems.br\/pagina\/p\/jornadabrasileira2016. Evento Nacional. A UFMS \u00e9 institui\u00e7\u00e3o promotora do evento junto com a UEMS, UCDB e UNIDERP.\u00a0 J\u00e1 est\u00e1 aberto o per\u00edodo de submiss\u00e3o de trabalhos, que vai at\u00e9 31\/08. GRUPOS DE TRABALHO: GT 01 \u2013 Educa\u00e7\u00e3o, Diversidade e Linguagem GT 02 \u2013 Educa\u00e7\u00e3o B\u00e1sica, Estado e Pol\u00edticas P\u00fablicas GT 03 [&hellip;]<\/p>\n","protected":false},"author":2660,"featured_media":2136,"comment_status":"closed","ping_status":"open","sticky":false,"template":"","format":"standard","meta":{"footnotes":""},"categories":[17,10,39,1],"tags":[],"coauthors":[],"class_list":["post-2135","post","type-post","status-publish","format-standard","has-post-thumbnail","hentry","category-destaques","category-eventos","category-eventos-externos","category-noticias"],"_links":{"self":[{"href":"https:\/\/ppgecpan.ufms.br\/es\/wp-json\/wp\/v2\/posts\/2135","targetHints":{"allow":["GET"]}}],"collection":[{"href":"https:\/\/ppgecpan.ufms.br\/es\/wp-json\/wp\/v2\/posts"}],"about":[{"href":"https:\/\/ppgecpan.ufms.br\/es\/wp-json\/wp\/v2\/types\/post"}],"author":[{"embeddable":true,"href":"https:\/\/ppgecpan.ufms.br\/es\/wp-json\/wp\/v2\/users\/2660"}],"replies":[{"embeddable":true,"href":"https:\/\/ppgecpan.ufms.br\/es\/wp-json\/wp\/v2\/comments?post=2135"}],"version-history":[{"count":5,"href":"https:\/\/ppgecpan.ufms.br\/es\/wp-json\/wp\/v2\/posts\/2135\/revisions"}],"predecessor-version":[{"id":2141,"href":"https:\/\/ppgecpan.ufms.br\/es\/wp-json\/wp\/v2\/posts\/2135\/revisions\/2141"}],"wp:featuredmedia":[{"embeddable":true,"href":"https:\/\/ppgecpan.ufms.br\/es\/wp-json\/wp\/v2\/media\/2136"}],"wp:attachment":[{"href":"https:\/\/ppgecpan.ufms.br\/es\/wp-json\/wp\/v2\/media?parent=2135"}],"wp:term":[{"taxonomy":"category","embeddable":true,"href":"https:\/\/ppgecpan.ufms.br\/es\/wp-json\/wp\/v2\/categories?post=2135"},{"taxonomy":"post_tag","embeddable":true,"href":"https:\/\/ppgecpan.ufms.br\/es\/wp-json\/wp\/v2\/tags?post=2135"},{"taxonomy":"author","embeddable":true,"href":"https:\/\/ppgecpan.ufms.br\/es\/wp-json\/wp\/v2\/coauthors?post=2135"}],"curies":[{"name":"wp","href":"https:\/\/api.w.org\/{rel}","templated":true}]}}