{"id":216,"date":"2012-03-16T17:01:50","date_gmt":"2012-03-16T21:01:50","guid":{"rendered":"http:\/\/ppgecpan.draconis.ufms.br\/?p=216"},"modified":"2020-07-06T10:21:18","modified_gmt":"2020-07-06T14:21:18","slug":"divulgado-edital-de-selecao-para-ingresso-no-mestrado-em-educacao-em-2013-para-alunos-regulares","status":"publish","type":"post","link":"https:\/\/ppgecpan.ufms.br\/es\/divulgado-edital-de-selecao-para-ingresso-no-mestrado-em-educacao-em-2013-para-alunos-regulares\/","title":{"rendered":"Divulgado Edital de sele\u00e7\u00e3o para ingresso no Mestrado em Educa\u00e7\u00e3o em 2013 para alunos regulares"},"content":{"rendered":"O <strong>PR\u00d3-REITOR DE PESQUISA E P\u00d3S-GRADUA\u00c7\u00c3O<\/strong> da Funda\u00e7\u00e3o Universidade Federal de Mato Grosso do Sul, no uso de suas atribui\u00e7\u00f5es legais, torna p\u00fablica a abertura de inscri\u00e7\u00f5es do Processo Seletivo visando \u00e0 sele\u00e7\u00e3o de candidatos para\u00a0preenchimento de vagas no Programa de P\u00f3s-Gradua\u00e7\u00e3o em Educa\u00e7\u00e3o, Curso de Mestrado,\u00a0do C\u00e2mpus do Pantanal, com treze vagas e ingresso no primeiro semestre letivo de 2013.<\/p>\n<p>Downloads:<\/p>\n<p><a title=\"Edital\" href=\"http:\/\/www.cpan.ufms.br\/arquivos\/ppgecpan\/editais\/educacao-cpan-2013.pdf\" target=\"_blank\" rel=\"noopener noreferrer\"><img decoding=\"async\" class=\"alignleft size-full wp-image-162\" src=\"http:\/\/ppgecpan.draconis.ufms.br\/files\/2012\/02\/PDF.jpg\" alt=\"\" width=\"48\" height=\"48\" \/>EDITAL N\u00b0 11, DE 16 DE MAR\u00c7O DE 2012.\u00a0<\/a>","protected":false},"excerpt":{"rendered":"<p>O PR\u00d3-REITOR DE PESQUISA E P\u00d3S-GRADUA\u00c7\u00c3O da Funda\u00e7\u00e3o Universidade Federal de Mato Grosso do Sul, no uso de suas atribui\u00e7\u00f5es legais, torna p\u00fablica a abertura de inscri\u00e7\u00f5es do Processo Seletivo visando \u00e0 sele\u00e7\u00e3o de candidatos para\u00a0preenchimento de vagas no Programa de P\u00f3s-Gradua\u00e7\u00e3o em Educa\u00e7\u00e3o, Curso de Mestrado,\u00a0do C\u00e2mpus do Pantanal, com treze vagas e ingresso [&hellip;]<\/p>\n","protected":false},"author":7,"featured_media":0,"comment_status":"closed","ping_status":"open","sticky":false,"template":"","format":"standard","meta":{"footnotes":""},"categories":[9,1],"tags":[],"coauthors":[],"class_list":["post-216","post","type-post","status-publish","format-standard","hentry","category-editais","category-noticias"],"_links":{"self":[{"href":"https:\/\/ppgecpan.ufms.br\/es\/wp-json\/wp\/v2\/posts\/216","targetHints":{"allow":["GET"]}}],"collection":[{"href":"https:\/\/ppgecpan.ufms.br\/es\/wp-json\/wp\/v2\/posts"}],"about":[{"href":"https:\/\/ppgecpan.ufms.br\/es\/wp-json\/wp\/v2\/types\/post"}],"author":[{"embeddable":true,"href":"https:\/\/ppgecpan.ufms.br\/es\/wp-json\/wp\/v2\/users\/7"}],"replies":[{"embeddable":true,"href":"https:\/\/ppgecpan.ufms.br\/es\/wp-json\/wp\/v2\/comments?post=216"}],"version-history":[{"count":5,"href":"https:\/\/ppgecpan.ufms.br\/es\/wp-json\/wp\/v2\/posts\/216\/revisions"}],"predecessor-version":[{"id":4536,"href":"https:\/\/ppgecpan.ufms.br\/es\/wp-json\/wp\/v2\/posts\/216\/revisions\/4536"}],"wp:attachment":[{"href":"https:\/\/ppgecpan.ufms.br\/es\/wp-json\/wp\/v2\/media?parent=216"}],"wp:term":[{"taxonomy":"category","embeddable":true,"href":"https:\/\/ppgecpan.ufms.br\/es\/wp-json\/wp\/v2\/categories?post=216"},{"taxonomy":"post_tag","embeddable":true,"href":"https:\/\/ppgecpan.ufms.br\/es\/wp-json\/wp\/v2\/tags?post=216"},{"taxonomy":"author","embeddable":true,"href":"https:\/\/ppgecpan.ufms.br\/es\/wp-json\/wp\/v2\/coauthors?post=216"}],"curies":[{"name":"wp","href":"https:\/\/api.w.org\/{rel}","templated":true}]}}