{"id":2176,"date":"2016-08-31T13:56:27","date_gmt":"2016-08-31T17:56:27","guid":{"rendered":"http:\/\/ppgecpan.draconis.ufms.br\/?p=2176"},"modified":"2016-08-31T13:56:27","modified_gmt":"2016-08-31T17:56:27","slug":"reabertura-de-selecao-de-alunos-de-especiais-2016-2-lista-de-candidatos-com-inscricao-deferida","status":"publish","type":"post","link":"https:\/\/ppgecpan.ufms.br\/es\/reabertura-de-selecao-de-alunos-de-especiais-2016-2-lista-de-candidatos-com-inscricao-deferida\/","title":{"rendered":"Reabertura de Sele\u00e7\u00e3o de Alunos de Especiais 2016.2: Lista de candidatos com inscri\u00e7\u00e3o deferida"},"content":{"rendered":"<p><b><span style=\"font-size: medium\">ATEN\u00c7\u00c3O: <\/span><\/b><span style=\"font-family: Arial,Arial;font-size: medium\">A DATA DA MATR\u00cdCULA SER\u00c1 NO DIA 31 DE AGOSTO DE 2016, DAS 13H30 \u00c0S 17H. <\/span><\/p>\n<p>DOCUMENTOS PARA MATR\u00cdCULA:<\/p>\n<p><span style=\"font-family: Arial,Arial;font-size: medium\"><span style=\"font-family: Arial,Arial;font-size: medium\">\u2013 Os candidatos que tiveram sua <\/span><\/span><b><span style=\"font-size: medium\">inscri\u00e7\u00e3o deferida <\/span><\/b><span style=\"font-family: Arial,Arial;font-size: medium\"><span style=\"font-family: Arial,Arial;font-size: medium\">dever\u00e3o comparecer na secretaria do PPGE (Rua Domingos Sahib, 99, Bairro Cervejaria, em frente ao Centro de Conven\u00e7\u00f5es), no dia 12 de agosto para efetuar matr\u00edcula com o Requerimento de Matr\u00edcula, em anexo, preenchido e assinado e original e c\u00f3pia ou c\u00f3pia autenticada de: CERTID\u00c3O DE NASCIMENTO OU CASAMENTO, RG, CPF, T\u00cdTULO DE ELEITOR, CERTIFICADO DE CONCLUS\u00c3O DE GRADUA\u00c7\u00c3O OU DIPLOMA E CERTIFICADO DE RESERVISTA. <\/span><\/span><\/p>\n<p>&nbsp;<\/p>\n<p>Disciplina:<strong> Trabalho, educa\u00e7\u00e3o e hegemonia<\/strong><\/p>\n<p><strong>Marcia Pires dos Santos<\/strong><\/p>\n<p>&nbsp;<\/p>\n<p>Em caso de d\u00favidas, entrar em contato com a Secretaria.<\/p>\n<p>Telf.: (67) 3234-6214 ou (67) 3234-6212.<\/p>\n<p>Email: ppge.cpan@ufms.br<\/p>\n<p>&nbsp;<\/p>\n","protected":false},"excerpt":{"rendered":"<p>ATEN\u00c7\u00c3O: A DATA DA MATR\u00cdCULA SER\u00c1 NO DIA 31 DE AGOSTO DE 2016, DAS 13H30 \u00c0S 17H. DOCUMENTOS PARA MATR\u00cdCULA: \u2013 Os candidatos que tiveram sua inscri\u00e7\u00e3o deferida dever\u00e3o comparecer na secretaria do PPGE (Rua Domingos Sahib, 99, Bairro Cervejaria, em frente ao Centro de Conven\u00e7\u00f5es), no dia 12 de agosto para efetuar matr\u00edcula com [&hellip;]<\/p>\n","protected":false},"author":2660,"featured_media":2113,"comment_status":"closed","ping_status":"open","sticky":false,"template":"","format":"standard","meta":{"footnotes":""},"categories":[17,1],"tags":[],"coauthors":[],"class_list":["post-2176","post","type-post","status-publish","format-standard","has-post-thumbnail","hentry","category-destaques","category-noticias"],"_links":{"self":[{"href":"https:\/\/ppgecpan.ufms.br\/es\/wp-json\/wp\/v2\/posts\/2176","targetHints":{"allow":["GET"]}}],"collection":[{"href":"https:\/\/ppgecpan.ufms.br\/es\/wp-json\/wp\/v2\/posts"}],"about":[{"href":"https:\/\/ppgecpan.ufms.br\/es\/wp-json\/wp\/v2\/types\/post"}],"author":[{"embeddable":true,"href":"https:\/\/ppgecpan.ufms.br\/es\/wp-json\/wp\/v2\/users\/2660"}],"replies":[{"embeddable":true,"href":"https:\/\/ppgecpan.ufms.br\/es\/wp-json\/wp\/v2\/comments?post=2176"}],"version-history":[{"count":1,"href":"https:\/\/ppgecpan.ufms.br\/es\/wp-json\/wp\/v2\/posts\/2176\/revisions"}],"predecessor-version":[{"id":2177,"href":"https:\/\/ppgecpan.ufms.br\/es\/wp-json\/wp\/v2\/posts\/2176\/revisions\/2177"}],"wp:featuredmedia":[{"embeddable":true,"href":"https:\/\/ppgecpan.ufms.br\/es\/wp-json\/wp\/v2\/media\/2113"}],"wp:attachment":[{"href":"https:\/\/ppgecpan.ufms.br\/es\/wp-json\/wp\/v2\/media?parent=2176"}],"wp:term":[{"taxonomy":"category","embeddable":true,"href":"https:\/\/ppgecpan.ufms.br\/es\/wp-json\/wp\/v2\/categories?post=2176"},{"taxonomy":"post_tag","embeddable":true,"href":"https:\/\/ppgecpan.ufms.br\/es\/wp-json\/wp\/v2\/tags?post=2176"},{"taxonomy":"author","embeddable":true,"href":"https:\/\/ppgecpan.ufms.br\/es\/wp-json\/wp\/v2\/coauthors?post=2176"}],"curies":[{"name":"wp","href":"https:\/\/api.w.org\/{rel}","templated":true}]}}