{"id":2178,"date":"2016-09-01T13:54:26","date_gmt":"2016-09-01T17:54:26","guid":{"rendered":"http:\/\/ppgecpan.draconis.ufms.br\/?p=2178"},"modified":"2016-09-02T14:05:37","modified_gmt":"2016-09-02T18:05:37","slug":"ppgecpan-convida-comunidade-academica-para-palestra-com-professora-natalia-fernandes-do-instituto-de-educacao-da-universidade-do-minhobraga-portugal","status":"publish","type":"post","link":"https:\/\/ppgecpan.ufms.br\/es\/ppgecpan-convida-comunidade-academica-para-palestra-com-professora-natalia-fernandes-do-instituto-de-educacao-da-universidade-do-minhobraga-portugal\/","title":{"rendered":"PPGE\/CPAN convida a comunidade acad\u00eamica para palestra com a professora Nat\u00e1lia Fernandes do Instituto de Educa\u00e7\u00e3o da Universidade do Minho\/Braga-Portugal"},"content":{"rendered":"<div class=\"gmail_quote\">O PPGE\/CPAN convida a comunidade acad\u00eamica para a palestra: <b>A escuta das crian\u00e7as nos contextos de pesquisas: contribui\u00e7\u00f5es da Sociologia da Inf\u00e2ncia <\/b>a ser proferida pela professora <a href=\"http:\/\/uminho.academia.edu\/NataliaFernandes\" target=\"_blank\"><u>Nat\u00e1lia Fernandes<\/u><\/a> do Instituto de Educa\u00e7\u00e3o da Universidade do Minho\/Braga-Portugal.<\/div>\n<div class=\"gmail_quote\"><\/div>\n<div class=\"gmail_quote\">Data: <strong>05\/09\/2016 (segunda-feira)<\/strong><\/div>\n<div class=\"gmail_quote\">\n<div dir=\"ltr\">\n<div>\n<div class=\"gmail_quote\">\n<div>\n<div dir=\"ltr\">\n<div>Hor\u00e1rio: 08h<\/div>\n<div>Local: Audit\u00f3rio da Unidade III (Porto Geral)<\/div>\n<\/div>\n<\/div>\n<\/div>\n<\/div>\n<\/div>\n<\/div>\n","protected":false},"excerpt":{"rendered":"<p>O PPGE\/CPAN convida a comunidade acad\u00eamica para a palestra: A escuta das crian\u00e7as nos contextos de pesquisas: contribui\u00e7\u00f5es da Sociologia da Inf\u00e2ncia a ser proferida pela professora Nat\u00e1lia Fernandes do Instituto de Educa\u00e7\u00e3o da Universidade do Minho\/Braga-Portugal. Data: 05\/09\/2016 (segunda-feira) Hor\u00e1rio: 08h Local: Audit\u00f3rio da Unidade III (Porto Geral)<\/p>\n","protected":false},"author":2660,"featured_media":2180,"comment_status":"closed","ping_status":"open","sticky":false,"template":"","format":"standard","meta":{"footnotes":""},"categories":[17,10,38,1],"tags":[],"coauthors":[],"class_list":["post-2178","post","type-post","status-publish","format-standard","has-post-thumbnail","hentry","category-destaques","category-eventos","category-eventos-internos","category-noticias"],"_links":{"self":[{"href":"https:\/\/ppgecpan.ufms.br\/es\/wp-json\/wp\/v2\/posts\/2178","targetHints":{"allow":["GET"]}}],"collection":[{"href":"https:\/\/ppgecpan.ufms.br\/es\/wp-json\/wp\/v2\/posts"}],"about":[{"href":"https:\/\/ppgecpan.ufms.br\/es\/wp-json\/wp\/v2\/types\/post"}],"author":[{"embeddable":true,"href":"https:\/\/ppgecpan.ufms.br\/es\/wp-json\/wp\/v2\/users\/2660"}],"replies":[{"embeddable":true,"href":"https:\/\/ppgecpan.ufms.br\/es\/wp-json\/wp\/v2\/comments?post=2178"}],"version-history":[{"count":4,"href":"https:\/\/ppgecpan.ufms.br\/es\/wp-json\/wp\/v2\/posts\/2178\/revisions"}],"predecessor-version":[{"id":2184,"href":"https:\/\/ppgecpan.ufms.br\/es\/wp-json\/wp\/v2\/posts\/2178\/revisions\/2184"}],"wp:featuredmedia":[{"embeddable":true,"href":"https:\/\/ppgecpan.ufms.br\/es\/wp-json\/wp\/v2\/media\/2180"}],"wp:attachment":[{"href":"https:\/\/ppgecpan.ufms.br\/es\/wp-json\/wp\/v2\/media?parent=2178"}],"wp:term":[{"taxonomy":"category","embeddable":true,"href":"https:\/\/ppgecpan.ufms.br\/es\/wp-json\/wp\/v2\/categories?post=2178"},{"taxonomy":"post_tag","embeddable":true,"href":"https:\/\/ppgecpan.ufms.br\/es\/wp-json\/wp\/v2\/tags?post=2178"},{"taxonomy":"author","embeddable":true,"href":"https:\/\/ppgecpan.ufms.br\/es\/wp-json\/wp\/v2\/coauthors?post=2178"}],"curies":[{"name":"wp","href":"https:\/\/api.w.org\/{rel}","templated":true}]}}