{"id":220,"date":"2012-03-19T08:44:05","date_gmt":"2012-03-19T12:44:05","guid":{"rendered":"http:\/\/ppgecpan.draconis.ufms.br\/?p=220"},"modified":"2016-03-13T11:08:03","modified_gmt":"2016-03-13T15:08:03","slug":"ii-encontro-interinstitucional-de-pesquisa-politicas-publicas-e-escolarizacao-de-alunos-com-deficiencia","status":"publish","type":"post","link":"https:\/\/ppgecpan.ufms.br\/es\/ii-encontro-interinstitucional-de-pesquisa-politicas-publicas-e-escolarizacao-de-alunos-com-deficiencia\/","title":{"rendered":"II Encontro Interinstitucional de Pesquisa:  Pol\u00edticas p\u00fablicas e escolariza\u00e7\u00e3o de alunos com defici\u00eancia"},"content":{"rendered":"<p>O\u00a0II Encontro Interinstitucional de Pesquisa:\u00a0Pol\u00edticas p\u00fablicas e escolariza\u00e7\u00e3o de alunos com defici\u00eancia ser\u00e1 realizado de\u00a028 a 30 de mar\u00e7o de 2012 no\u00a0Campus do Pantanal da Universidade Federal de Mato Grosso do Sul (CPAN\/UFMS) e no\u00a0Centro de Conven\u00e7\u00f5es do Pantanal de Corumb\u00e1 &#8211; Miguel Gom\u00e9z.<\/p>\n<p><a href=\"http:\/\/ppgecpan.draconis.ufms.br\/files\/2016\/02\/cronograma-de-atividades-ii-encontro-corumba-2012.pdf\"><img decoding=\"async\" class=\"alignleft wp-image-162 size-full\" src=\"http:\/\/ppgecpan.draconis.ufms.br\/files\/2012\/02\/PDF.jpg\" alt=\"\" width=\"48\" height=\"48\" \/><\/a><a title=\"Cronograma de Atividades\" href=\"http:\/\/ppgecpan.draconis.ufms.br\/files\/2016\/02\/cronograma-de-atividades-ii-encontro-corumba-2012.pdf\" target=\"_blank\">Confira a programa\u00e7\u00e3o do evento.<\/a><\/p>\n","protected":false},"excerpt":{"rendered":"<p>O\u00a0II Encontro Interinstitucional de Pesquisa:\u00a0Pol\u00edticas p\u00fablicas e escolariza\u00e7\u00e3o de alunos com defici\u00eancia ser\u00e1 realizado de\u00a028 a 30 de mar\u00e7o de 2012 no\u00a0Campus do Pantanal da Universidade Federal de Mato Grosso do Sul (CPAN\/UFMS) e no\u00a0Centro de Conven\u00e7\u00f5es do Pantanal de Corumb\u00e1 &#8211; Miguel Gom\u00e9z. Confira a programa\u00e7\u00e3o do evento.<\/p>\n","protected":false},"author":7,"featured_media":1494,"comment_status":"closed","ping_status":"closed","sticky":false,"template":"","format":"standard","meta":{"footnotes":""},"categories":[10,38,1],"tags":[],"coauthors":[],"class_list":["post-220","post","type-post","status-publish","format-standard","has-post-thumbnail","hentry","category-eventos","category-eventos-internos","category-noticias"],"_links":{"self":[{"href":"https:\/\/ppgecpan.ufms.br\/es\/wp-json\/wp\/v2\/posts\/220","targetHints":{"allow":["GET"]}}],"collection":[{"href":"https:\/\/ppgecpan.ufms.br\/es\/wp-json\/wp\/v2\/posts"}],"about":[{"href":"https:\/\/ppgecpan.ufms.br\/es\/wp-json\/wp\/v2\/types\/post"}],"author":[{"embeddable":true,"href":"https:\/\/ppgecpan.ufms.br\/es\/wp-json\/wp\/v2\/users\/7"}],"replies":[{"embeddable":true,"href":"https:\/\/ppgecpan.ufms.br\/es\/wp-json\/wp\/v2\/comments?post=220"}],"version-history":[{"count":6,"href":"https:\/\/ppgecpan.ufms.br\/es\/wp-json\/wp\/v2\/posts\/220\/revisions"}],"predecessor-version":[{"id":1398,"href":"https:\/\/ppgecpan.ufms.br\/es\/wp-json\/wp\/v2\/posts\/220\/revisions\/1398"}],"wp:featuredmedia":[{"embeddable":true,"href":"https:\/\/ppgecpan.ufms.br\/es\/wp-json\/wp\/v2\/media\/1494"}],"wp:attachment":[{"href":"https:\/\/ppgecpan.ufms.br\/es\/wp-json\/wp\/v2\/media?parent=220"}],"wp:term":[{"taxonomy":"category","embeddable":true,"href":"https:\/\/ppgecpan.ufms.br\/es\/wp-json\/wp\/v2\/categories?post=220"},{"taxonomy":"post_tag","embeddable":true,"href":"https:\/\/ppgecpan.ufms.br\/es\/wp-json\/wp\/v2\/tags?post=220"},{"taxonomy":"author","embeddable":true,"href":"https:\/\/ppgecpan.ufms.br\/es\/wp-json\/wp\/v2\/coauthors?post=220"}],"curies":[{"name":"wp","href":"https:\/\/api.w.org\/{rel}","templated":true}]}}