{"id":2312,"date":"2016-10-07T16:33:18","date_gmt":"2016-10-07T20:33:18","guid":{"rendered":"http:\/\/ppgecpan.draconis.ufms.br\/?p=2312"},"modified":"2016-10-07T16:35:52","modified_gmt":"2016-10-07T20:35:52","slug":"maria-de-fatima-ribeiro-educacao-infantil-do-campo-mais-respeito-nossas-criancas-tem-direito","status":"publish","type":"post","link":"https:\/\/ppgecpan.ufms.br\/es\/maria-de-fatima-ribeiro-educacao-infantil-do-campo-mais-respeito-nossas-criancas-tem-direito\/","title":{"rendered":"MARIA DE F\u00c1TIMA RIBEIRO &#8211; Educa\u00e7\u00e3o infantil do campo: mais respeito nossas crian\u00e7as  t\u00eam direito"},"content":{"rendered":"<p><strong>RESUMO<\/strong><\/p>\n<p>A presente pesquisa aborda a tem\u00e1tica da Educa\u00e7\u00e3o Infantil do Campo (EIC), tendo como objetivo conhecer os significados da creche para as fam\u00edlias moradoras do assentamento Taquaral, no munic\u00edpio de Corumb\u00e1-MS.A realiza\u00e7\u00e3o deste estudo justifica-se pela necessidade de se produzir conhecimento cient\u00edfico sobre as crian\u00e7as pequenas, principalmente aquelas na faixa et\u00e1ria de 0 a 3 anos, moradoras do campo.Est\u00e1 vinculada \u00e0 linha de pesquisa Pol\u00edticas, Pr\u00e1ticas Institucionais Exclus\u00e3o\/Inclus\u00e3o Social. Este estudo se configura como um estudo de caso, de abordagem qualitativa. Privilegiou-se a entrevista semi-estruturada, contando com a participa\u00e7\u00e3o de 11 sujeitos residentes no Assentamento Taquaral. Como resultado das an\u00e1lises dos dados obtidos, podemos identificar a aus\u00eancia do equipamento creche no assentamento. Assim como, podemos afirmar que as fam\u00edlias desejam contar com a creche para auxili\u00e1-las no cuidado e educa\u00e7\u00e3o de seus filhos.<\/p>\n<p><strong>Palavras-chave: <\/strong>Educa\u00e7\u00e3o Infantil do Campo.\u00a0 Creche no Campo. Fam\u00edlia.<\/p>\n<ul>\n<li><a href=\"http:\/\/ppgecpan.draconis.ufms.br\/files\/2016\/10\/DISSERTA\u00c7\u00c3O-F\u00c1TIMA-15.08.2016.pdf\" target=\"_blank\">DOWNLOAD<\/a><\/li>\n<\/ul>\n","protected":false},"excerpt":{"rendered":"<p>RESUMO A presente pesquisa aborda a tem\u00e1tica da Educa\u00e7\u00e3o Infantil do Campo (EIC), tendo como objetivo conhecer os significados da creche para as fam\u00edlias moradoras do assentamento Taquaral, no munic\u00edpio de Corumb\u00e1-MS.A realiza\u00e7\u00e3o deste estudo justifica-se pela necessidade de se produzir conhecimento cient\u00edfico sobre as crian\u00e7as pequenas, principalmente aquelas na faixa et\u00e1ria de 0 a [&hellip;]<\/p>\n","protected":false},"author":2660,"featured_media":2113,"comment_status":"closed","ping_status":"open","sticky":false,"template":"","format":"standard","meta":{"footnotes":""},"categories":[55,8,1],"tags":[],"coauthors":[],"class_list":["post-2312","post","type-post","status-publish","format-standard","has-post-thumbnail","hentry","category-55","category-dissertacoes","category-noticias"],"_links":{"self":[{"href":"https:\/\/ppgecpan.ufms.br\/es\/wp-json\/wp\/v2\/posts\/2312","targetHints":{"allow":["GET"]}}],"collection":[{"href":"https:\/\/ppgecpan.ufms.br\/es\/wp-json\/wp\/v2\/posts"}],"about":[{"href":"https:\/\/ppgecpan.ufms.br\/es\/wp-json\/wp\/v2\/types\/post"}],"author":[{"embeddable":true,"href":"https:\/\/ppgecpan.ufms.br\/es\/wp-json\/wp\/v2\/users\/2660"}],"replies":[{"embeddable":true,"href":"https:\/\/ppgecpan.ufms.br\/es\/wp-json\/wp\/v2\/comments?post=2312"}],"version-history":[{"count":2,"href":"https:\/\/ppgecpan.ufms.br\/es\/wp-json\/wp\/v2\/posts\/2312\/revisions"}],"predecessor-version":[{"id":2316,"href":"https:\/\/ppgecpan.ufms.br\/es\/wp-json\/wp\/v2\/posts\/2312\/revisions\/2316"}],"wp:featuredmedia":[{"embeddable":true,"href":"https:\/\/ppgecpan.ufms.br\/es\/wp-json\/wp\/v2\/media\/2113"}],"wp:attachment":[{"href":"https:\/\/ppgecpan.ufms.br\/es\/wp-json\/wp\/v2\/media?parent=2312"}],"wp:term":[{"taxonomy":"category","embeddable":true,"href":"https:\/\/ppgecpan.ufms.br\/es\/wp-json\/wp\/v2\/categories?post=2312"},{"taxonomy":"post_tag","embeddable":true,"href":"https:\/\/ppgecpan.ufms.br\/es\/wp-json\/wp\/v2\/tags?post=2312"},{"taxonomy":"author","embeddable":true,"href":"https:\/\/ppgecpan.ufms.br\/es\/wp-json\/wp\/v2\/coauthors?post=2312"}],"curies":[{"name":"wp","href":"https:\/\/api.w.org\/{rel}","templated":true}]}}