{"id":2385,"date":"2016-12-16T08:14:37","date_gmt":"2016-12-16T12:14:37","guid":{"rendered":"http:\/\/ppgecpan.draconis.ufms.br\/?p=2385"},"modified":"2016-12-16T08:15:15","modified_gmt":"2016-12-16T12:15:15","slug":"xix-coloquio-de-historia-de-la-educacion","status":"publish","type":"post","link":"https:\/\/ppgecpan.ufms.br\/es\/xix-coloquio-de-historia-de-la-educacion\/","title":{"rendered":"XIX Coloquio de Historia de la Educaci\u00f3n"},"content":{"rendered":"<div>Estimado\/a colega<\/div>\n<div><\/div>\n<div>Segue o <em>link<\/em> do XIX Coloquio de <span class=\"il\">Historia<\/span> de la Educaci\u00f3n, a se realizar na Espanha, em setembro de 2017,\u00a0com o t\u00edtulo \u201cIm\u00e1genes, discursos y textos en <span class=\"il\">Historia<\/span> de la Educaci\u00f3n. Retos metodol\u00f3gicos actuales\u201d<\/div>\n<div><\/div>\n<div><a href=\"http:\/\/congresosalcala.fgua.es\/sedhe2017\/\" target=\"_blank\"><span style=\"color: #1155cc\">http:\/\/congresosalcala.fgua.es<\/span>\/sedhe2017\/<\/a><\/div>\n","protected":false},"excerpt":{"rendered":"<p>Estimado\/a colega Segue o link do XIX Coloquio de Historia de la Educaci\u00f3n, a se realizar na Espanha, em setembro de 2017,\u00a0com o t\u00edtulo \u201cIm\u00e1genes, discursos y textos en Historia de la Educaci\u00f3n. Retos metodol\u00f3gicos actuales\u201d http:\/\/congresosalcala.fgua.es\/sedhe2017\/<\/p>\n","protected":false},"author":2660,"featured_media":2386,"comment_status":"closed","ping_status":"open","sticky":false,"template":"","format":"standard","meta":{"footnotes":""},"categories":[17,10,39],"tags":[],"coauthors":[],"class_list":["post-2385","post","type-post","status-publish","format-standard","has-post-thumbnail","hentry","category-destaques","category-eventos","category-eventos-externos"],"_links":{"self":[{"href":"https:\/\/ppgecpan.ufms.br\/es\/wp-json\/wp\/v2\/posts\/2385","targetHints":{"allow":["GET"]}}],"collection":[{"href":"https:\/\/ppgecpan.ufms.br\/es\/wp-json\/wp\/v2\/posts"}],"about":[{"href":"https:\/\/ppgecpan.ufms.br\/es\/wp-json\/wp\/v2\/types\/post"}],"author":[{"embeddable":true,"href":"https:\/\/ppgecpan.ufms.br\/es\/wp-json\/wp\/v2\/users\/2660"}],"replies":[{"embeddable":true,"href":"https:\/\/ppgecpan.ufms.br\/es\/wp-json\/wp\/v2\/comments?post=2385"}],"version-history":[{"count":1,"href":"https:\/\/ppgecpan.ufms.br\/es\/wp-json\/wp\/v2\/posts\/2385\/revisions"}],"predecessor-version":[{"id":2387,"href":"https:\/\/ppgecpan.ufms.br\/es\/wp-json\/wp\/v2\/posts\/2385\/revisions\/2387"}],"wp:featuredmedia":[{"embeddable":true,"href":"https:\/\/ppgecpan.ufms.br\/es\/wp-json\/wp\/v2\/media\/2386"}],"wp:attachment":[{"href":"https:\/\/ppgecpan.ufms.br\/es\/wp-json\/wp\/v2\/media?parent=2385"}],"wp:term":[{"taxonomy":"category","embeddable":true,"href":"https:\/\/ppgecpan.ufms.br\/es\/wp-json\/wp\/v2\/categories?post=2385"},{"taxonomy":"post_tag","embeddable":true,"href":"https:\/\/ppgecpan.ufms.br\/es\/wp-json\/wp\/v2\/tags?post=2385"},{"taxonomy":"author","embeddable":true,"href":"https:\/\/ppgecpan.ufms.br\/es\/wp-json\/wp\/v2\/coauthors?post=2385"}],"curies":[{"name":"wp","href":"https:\/\/api.w.org\/{rel}","templated":true}]}}